{"id":25298,"date":"2026-09-02T13:54:35","date_gmt":"2026-09-02T11:54:35","guid":{"rendered":"https:\/\/career-mainfranken.com\/non-categorise\/marches-aux-puces-dautomne-dans-la-region-de-mainfranken\/"},"modified":"2026-09-02T14:34:59","modified_gmt":"2026-09-02T12:34:59","slug":"marches-aux-puces-dautomne-dans-la-region-de-mainfranken","status":"publish","type":"post","link":"https:\/\/career-mainfranken.com\/fr\/actualites-evenements\/marches-aux-puces-dautomne-dans-la-region-de-mainfranken\/","title":{"rendered":"March\u00e9s aux puces d&rsquo;automne dans la r\u00e9gion de Mainfranken"},"content":{"rendered":"<div class=\"fusion-fullwidth fullwidth-box fusion-builder-row-1 fusion-flex-container has-pattern-background has-mask-background nonhundred-percent-fullwidth non-hundred-percent-height-scrolling blog_inhalt\" style=\"--awb-border-radius-top-left:0px;--awb-border-radius-top-right:0px;--awb-border-radius-bottom-right:0px;--awb-border-radius-bottom-left:0px;--awb-padding-right:0px;--awb-padding-left:0px;--awb-flex-wrap:wrap;\" ><div class=\"fusion-builder-row fusion-row fusion-flex-align-items-flex-start fusion-flex-content-wrap\" style=\"max-width:1664px;margin-left: calc(-4% \/ 2 );margin-right: calc(-4% \/ 2 );\"><div class=\"fusion-layout-column fusion_builder_column fusion-builder-column-0 fusion_builder_column_1_1 1_1 fusion-flex-column\" style=\"--awb-bg-size:cover;--awb-width-large:100%;--awb-margin-top-large:0px;--awb-spacing-right-large:1.92%;--awb-margin-bottom-large:0px;--awb-spacing-left-large:1.92%;--awb-width-medium:100%;--awb-spacing-right-medium:1.92%;--awb-spacing-left-medium:1.92%;--awb-width-small:100%;--awb-spacing-right-small:1.92%;--awb-spacing-left-small:1.92%;\"><div class=\"fusion-column-wrapper fusion-flex-justify-content-flex-start fusion-content-layout-column\"><div class=\"fusion-text fusion-text-1\"><h3>Chiner, fouiner et d\u00e9nicher des tr\u00e9sors anciens<\/h3>\n<p>De vieux disques, des livres d&rsquo;occasion ou votre prochaine pi\u00e8ce vestimentaire ? Une visite au march\u00e9 aux puces est toujours une bonne activit\u00e9 de loisirs pour d\u00e9couvrir de \u00ab nouvelles \u00bb choses et renouveler votre garde-robe. <\/p>\n<p>Qu&rsquo;il s&rsquo;agisse d&rsquo;un grand march\u00e9 de brocante, d&rsquo;un petit march\u00e9 aux puces de village ou d&rsquo;une visite de march\u00e9 aux puces combin\u00e9e \u00e0 une promenade en ville, nous avons s\u00e9lectionn\u00e9 pour vous les plus beaux march\u00e9s aux puces de la r\u00e9gion.<\/p>\n<p><strong>March\u00e9 aux puces sur les Mainwiesen de Wurtzbourg, ville de Wurtzbourg<\/strong><\/p>\n<p>Chiner directement au bord du Main et peut-\u00eatre y d\u00e9couvrir votre prochaine trouvaille pr\u00e9f\u00e9r\u00e9e : avec ses nombreux stands, le <a href=\"https:\/\/www.wuerzburg.de\/events-termine\/volksfeste\/403005.Flohmarkttermine.html\" target=\"_blank\" rel=\"noopener\">march\u00e9 aux puces sur les Mainwiesen<\/a> de la ville de Wurtzbourg fait partie des rendez-vous incontournables de la r\u00e9gion. Des v\u00eatements aux livres, en passant par la d\u00e9coration, les articles m\u00e9nagers et les petites raret\u00e9s, il y a beaucoup \u00e0 d\u00e9couvrir ici. <\/p>\n<p><strong>Quand ?<\/strong> Le 19 septembre 2026, de 6h00 \u00e0 16h00<br \/>\n<strong>O\u00f9 ?<\/strong> Mainwiesen, Mainaustra\u00dfe, 97082 Wurtzbourg<\/p>\n<p><strong>March\u00e9 aux puces de village \u00e0 G\u00fcntersleben, district de Wurtzbourg<\/strong><\/p>\n<p>Tout un village transform\u00e9 en march\u00e9 aux puces : lors du <a href=\"https:\/\/www.guentersleben.de\/veranstaltungen\/veranstaltung\/dorf-flohmarkt\/2026-09-27?cHash=592754c8828d54a94f9e38e1a74b89b6\" target=\"_blank\" rel=\"noopener\">march\u00e9 aux puces de village \u00e0 G\u00fcntersleben<\/a>, les cours int\u00e9rieures, les garages et les all\u00e9es deviennent le th\u00e9\u00e2tre de l&rsquo;\u00e9v\u00e9nement. En vous promenant dans le village, vous pourrez passer de stand en stand et d\u00e9couvrir G\u00fcntersleben par la m\u00eame occasion. <\/p>\n<p><strong>Quand ?<\/strong> Le 27 septembre 2026<br \/>\n<strong>O\u00f9 ?<\/strong> G\u00fcntersleben<\/p>\n<p><strong>March\u00e9 aux puces sur la place du Volksfest, ville de Schweinfurt<\/strong><\/p>\n<p>Ceux qui aiment fouiner longuement trouveront leur bonheur au march\u00e9 aux puces de la place du Volksfest de Schweinfurt. Sur ce grand march\u00e9 de brocante, vous \u00eates s\u00fbr de trouver un ou plusieurs tr\u00e9sors parmi les objets du quotidien d&rsquo;occasion, les v\u00eatements et les objets de collection. <\/p>\n<p><strong>Quand ? <\/strong>Le 26 septembre 2026, de 8h00 \u00e0 15h00<br \/>\n<strong>O\u00f9 ? <\/strong>Volksfestplatz, Am Volksfestplatz 1, 97421 Schweinfurt<\/p>\n<p><strong>March\u00e9 aux puces \u00e0 la F\u00eate d&rsquo;automne de Gerolzhofen, district de Schweinfurt<\/strong><\/p>\n<p>March\u00e9 aux puces et F\u00eate d&rsquo;automne en un : dans le centre-ville pi\u00e9ton de Gerolzhofen, vous pouvez fl\u00e2ner sur le <a href=\"https:\/\/www.gerolzhofen.de\/herbstfest.html\" target=\"_blank\" rel=\"noopener\">march\u00e9 aux puces<\/a> et combiner ensuite votre visite avec la F\u00eate d&rsquo;automne et une promenade dans les magasins. Une belle occasion pour un dimanche d&rsquo;automne d\u00e9tendu dans la vieille ville. <\/p>\n<p><strong>Quand ?<\/strong> Le 11 octobre 2026, \u00e0 partir de 10h00<br \/>\n<strong>O\u00f9 ? <\/strong>Centre-ville, Gerolzhofen<\/p>\n<p><strong>Chiner et fouiner dans le district de Kitzingen<\/strong><\/p>\n<p>\u00c0 Kitzingen aussi, il y aura encore l&rsquo;occasion de chiner cet automne. Le <a href=\"https:\/\/meine-flohmarkt-termine.de\/flohmarkt-grossparkplatz-edeka-kautzmann-kitzingen\/23690664\/details\" target=\"_blank\" rel=\"noopener\">march\u00e9 aux puces<\/a> a lieu sur le grand parking d&rsquo;EDEKA Kautzmann, et certaines parties de la surface de vente sont m\u00eame couvertes. Si vous aimez chercher des bonnes affaires et des trouvailles sp\u00e9ciales de mani\u00e8re classique parmi de nombreux stands, vous pouvez noter la date.  <\/p>\n<p><strong>Quand ?<\/strong> Le 4 octobre 2026, \u00e0 partir de 10h00<br \/>\n<strong>O\u00f9 ?<\/strong> EDEKA Kautzmann, Marktbreiter Stra\u00dfe 1, 97318 Kitzingen<\/p>\n<p><strong>March\u00e9 de brocante sur la Mainl\u00e4nde de Lohr, district de Main-Spessart<\/strong><\/p>\n<p>D&rsquo;abord chiner, puis fl\u00e2ner le long du Main : le <a href=\"https:\/\/www.lohr.de\/tourismus-und-kultur\/planen-buchen\/veranstaltungen\/veranstaltungskalender\/details\/2026-09-06_0000\/default-bc273b9a29deaf788e5c4b9b0a7f7f5d-4\" target=\"_blank\" rel=\"noopener\">march\u00e9 de brocante de Lohr<\/a> ne s\u00e9duit pas seulement par ses antiquit\u00e9s, v\u00eatements, livres, d\u00e9corations et curiosit\u00e9s, mais aussi par son emplacement sur la Mainl\u00e4nde. En septembre, vous aurez deux fois l&rsquo;occasion de le visiter. <\/p>\n<p><strong>Quand ?<\/strong> Les 6 et 19 septembre 2026<br \/>\n<strong>O\u00f9 ?<\/strong> Mainl\u00e4nde, Osttangente (Parking Est), 97816 Lohr a. Main<\/p>\n<p><strong>March\u00e9 aux puces au Michaelismarkt \u00e0 Hammelburg, district de Bad Kissingen<\/strong><\/p>\n<p>Au <a href=\"https:\/\/www.frankens-saalestueck.de\/veranstaltungen-suche\/michaelsmarkt-hammelburg-mit-verkaufsoffenem-sonntag\" target=\"_blank\" rel=\"noopener\">Michaelsmarkt \u00e0 Hammelburg<\/a>, la chasse aux bonnes affaires se combine merveilleusement avec une promenade en ville. Autour des rues commer\u00e7antes et de la place du march\u00e9, un programme vari\u00e9 vous attend avec un march\u00e9 aux puces, de l&rsquo;artisanat, des sp\u00e9cialit\u00e9s r\u00e9gionales et des animations pour enfants. Le dimanche, les magasins ouvrent \u00e9galement leurs portes.  <\/p>\n<p><strong>Quand ? <\/strong>Les 26 et 27 septembre 2026, de 11h00 \u00e0 18h00 chacun<br \/>\n<strong>O\u00f9 ? <\/strong>Centre-ville, Hammelburg<\/p>\n<p><strong>March\u00e9 aux puces \u00e0 Bad Neustadt, district de Rh\u00f6n-Grabfeld<\/strong><\/p>\n<p>Mauvais temps ? Aucune raison de renoncer \u00e0 la tourn\u00e9e des march\u00e9s aux puces. Le <a href=\"https:\/\/meine-flohmarkt-termine.de\/neu-flohmarkt-parkplatzgelande-kaufland-bad-neustadt-an-der-saale-neu\/23801289\/details\" target=\"_blank\" rel=\"noopener\">march\u00e9 aux puces de Kaufland \u00e0 Bad Neustadt a. der Saale<\/a> est couvert \u00e0 environ 80 % et convient donc aussi \u00e0 une visite, m\u00eame si la fin de l&rsquo;\u00e9t\u00e9 ne se montre pas sous son meilleur jour.  <\/p>\n<p><strong>Quand ?<\/strong> Le 13 septembre 2026, de 6h00 \u00e0 15h00<br \/>\n<strong>O\u00f9 ?<\/strong> Kaufland, Meininger Stra\u00dfe 10, 97616 Bad Neustadt a. d. Saale<\/p>\n<p><strong>March\u00e9 aux puces de cour \u00e0 Oberschweppach, district de Ha\u00dfberge<\/strong><\/p>\n<p>Un march\u00e9 aux puces qui implique tout le village : \u00e0 Oberschwappach, de nombreux foyers ouvrent leurs cours, portails et portes aux chineurs. De 10h00 \u00e0 16h00, vous pouvez fl\u00e2ner dans le village, fouiner aux diff\u00e9rents stands et d\u00e9couvrir ainsi une ou plusieurs trouvailles sp\u00e9ciales. <\/p>\n<p><strong>Quand ?<\/strong> Le 20 septembre 2026, de 10h00 \u00e0 16h00<br \/>\n<strong>O\u00f9 ?<\/strong> Oberschwappach, commune de Knetzgau<\/p>\n<p><strong>\u00c0 vos marques, pr\u00eats, chinez !<\/strong><\/p>\n<p>Du grand classique sur les Mainwiesen de Wurtzbourg au march\u00e9 aux puces de la F\u00eate d&rsquo;automne de Gerolzhofen, en passant par le march\u00e9 de brocante directement au bord du Main \u00e0 Lohr : en Mainfranken, la fin de l&rsquo;\u00e9t\u00e9 et l&rsquo;automne offrent encore de nombreuses occasions de donner une seconde vie \u00e0 des objets d&rsquo;occasion \u2013 et avec un peu de chance, de d\u00e9couvrir un v\u00e9ritable coup de c\u0153ur.<\/p>\n<p>Alors : pr\u00e9parez votre sac en tissu, prenez un peu de monnaie et partez \u00e0 la chasse aux tr\u00e9sors !<\/p>\n<p><strong>Notre conseil :<\/strong> Les dates, heures et lieux des \u00e9v\u00e9nements peuvent changer \u00e0 court terme. Il est donc pr\u00e9f\u00e9rable de vous informer directement aupr\u00e8s de l&rsquo;organisateur concern\u00e9 avant votre visite pour conna\u00eetre l&rsquo;\u00e9tat actuel. <\/p>\n<p><em>*publicit\u00e9 non r\u00e9mun\u00e9r\u00e9e suite \u00e0 une mention<\/em><\/p>\n<\/div><div ><a class=\"fusion-button button-3d fusion-button-default-size button-default fusion-button-default button-1 fusion-button-default-span fusion-button-default-type\" target=\"_self\" href=\"https:\/\/career-mainfranken.com\/fr\/actualites-evenements\/\"><span class=\"fusion-button-text awb-button__text awb-button__text--default\">Vers tous les articles de blog<\/span><\/a><\/div><\/div><\/div><\/div><\/div>\n","protected":false},"excerpt":{"rendered":"","protected":false},"author":12,"featured_media":25665,"comment_status":"closed","ping_status":"closed","sticky":false,"template":"","format":"standard","meta":{"footnotes":"","_links_to":"","_links_to_target":""},"categories":[69],"tags":[],"class_list":["post-25298","post","type-post","status-publish","format-standard","has-post-thumbnail","hentry","category-actualites-evenements"],"yoast_head":"<!-- This site is optimized with the Yoast SEO plugin v28.4 - https:\/\/yoast.com\/product\/yoast-seo-wordpress\/ -->\n<title>March\u00e9s aux puces d&#039;automne dans la Region Mainfranken<\/title>\n<meta name=\"description\" content=\"Chiner, fouiner et d\u00e9nicher des tr\u00e9sors anciens : les march\u00e9s aux puces de la r\u00e9gion de Mainfranken vous invitent \u00e0 fl\u00e2ner par une belle journ\u00e9e d&#039;automne.\" \/>\n<meta name=\"robots\" content=\"index, follow, max-snippet:-1, max-image-preview:large, max-video-preview:-1\" \/>\n<link rel=\"canonical\" href=\"https:\/\/career-mainfranken.com\/fr\/actualites-evenements\/marches-aux-puces-dautomne-dans-la-region-de-mainfranken\/\" \/>\n<meta property=\"og:locale\" content=\"fr_FR\" \/>\n<meta property=\"og:type\" content=\"article\" \/>\n<meta property=\"og:title\" content=\"March\u00e9s aux puces d&#039;automne dans la Region Mainfranken\" \/>\n<meta property=\"og:description\" content=\"Chiner, fouiner et d\u00e9nicher des tr\u00e9sors anciens : les march\u00e9s aux puces de la r\u00e9gion de Mainfranken vous invitent \u00e0 fl\u00e2ner par une belle journ\u00e9e d&#039;automne.\" \/>\n<meta property=\"og:url\" content=\"https:\/\/career-mainfranken.com\/fr\/actualites-evenements\/marches-aux-puces-dautomne-dans-la-region-de-mainfranken\/\" \/>\n<meta property=\"og:site_name\" content=\"Region Mainfranken\" \/>\n<meta property=\"article:published_time\" content=\"2026-09-02T11:54:35+00:00\" \/>\n<meta property=\"article:modified_time\" content=\"2026-09-02T12:34:59+00:00\" \/>\n<meta property=\"og:image\" content=\"https:\/\/career-mainfranken.com\/wp-content\/uploads\/flohmarkt-bild-1024x819.png\" \/>\n\t<meta property=\"og:image:width\" content=\"1024\" \/>\n\t<meta property=\"og:image:height\" content=\"819\" \/>\n\t<meta property=\"og:image:type\" content=\"image\/png\" \/>\n<meta name=\"author\" content=\"PraktikantIn\" \/>\n<meta name=\"twitter:card\" content=\"summary_large_image\" \/>\n<meta name=\"twitter:label1\" content=\"\u00c9crit par\" \/>\n\t<meta name=\"twitter:data1\" content=\"PraktikantIn\" \/>\n\t<meta name=\"twitter:label2\" content=\"Dur\u00e9e de lecture estim\u00e9e\" \/>\n\t<meta name=\"twitter:data2\" content=\"9 minutes\" \/>\n<script type=\"application\/ld+json\" class=\"yoast-schema-graph\">{\"@context\":\"https:\\\/\\\/schema.org\",\"@graph\":[{\"@type\":\"Article\",\"@id\":\"https:\\\/\\\/career-mainfranken.com\\\/fr\\\/actualites-evenements\\\/marches-aux-puces-dautomne-dans-la-region-de-mainfranken\\\/#article\",\"isPartOf\":{\"@id\":\"https:\\\/\\\/career-mainfranken.com\\\/fr\\\/actualites-evenements\\\/marches-aux-puces-dautomne-dans-la-region-de-mainfranken\\\/\"},\"author\":{\"name\":\"PraktikantIn\",\"@id\":\"https:\\\/\\\/career-mainfranken.com\\\/fr\\\/#\\\/schema\\\/person\\\/c1d302b12ae437350620eb4775f00ecd\"},\"headline\":\"March\u00e9s aux puces d&rsquo;automne dans la r\u00e9gion de Mainfranken\",\"datePublished\":\"2026-09-02T11:54:35+00:00\",\"dateModified\":\"2026-09-02T12:34:59+00:00\",\"mainEntityOfPage\":{\"@id\":\"https:\\\/\\\/career-mainfranken.com\\\/fr\\\/actualites-evenements\\\/marches-aux-puces-dautomne-dans-la-region-de-mainfranken\\\/\"},\"wordCount\":1864,\"publisher\":{\"@id\":\"https:\\\/\\\/career-mainfranken.com\\\/fr\\\/#organization\"},\"image\":{\"@id\":\"https:\\\/\\\/career-mainfranken.com\\\/fr\\\/actualites-evenements\\\/marches-aux-puces-dautomne-dans-la-region-de-mainfranken\\\/#primaryimage\"},\"thumbnailUrl\":\"https:\\\/\\\/career-mainfranken.com\\\/wp-content\\\/uploads\\\/flohmarkt-bild.png\",\"articleSection\":[\"Actualit\u00e9s \u00c9v\u00e9nements\"],\"inLanguage\":\"fr-FR\"},{\"@type\":\"WebPage\",\"@id\":\"https:\\\/\\\/career-mainfranken.com\\\/fr\\\/actualites-evenements\\\/marches-aux-puces-dautomne-dans-la-region-de-mainfranken\\\/\",\"url\":\"https:\\\/\\\/career-mainfranken.com\\\/fr\\\/actualites-evenements\\\/marches-aux-puces-dautomne-dans-la-region-de-mainfranken\\\/\",\"name\":\"March\u00e9s aux puces d'automne dans la Region Mainfranken\",\"isPartOf\":{\"@id\":\"https:\\\/\\\/career-mainfranken.com\\\/fr\\\/#website\"},\"primaryImageOfPage\":{\"@id\":\"https:\\\/\\\/career-mainfranken.com\\\/fr\\\/actualites-evenements\\\/marches-aux-puces-dautomne-dans-la-region-de-mainfranken\\\/#primaryimage\"},\"image\":{\"@id\":\"https:\\\/\\\/career-mainfranken.com\\\/fr\\\/actualites-evenements\\\/marches-aux-puces-dautomne-dans-la-region-de-mainfranken\\\/#primaryimage\"},\"thumbnailUrl\":\"https:\\\/\\\/career-mainfranken.com\\\/wp-content\\\/uploads\\\/flohmarkt-bild.png\",\"datePublished\":\"2026-09-02T11:54:35+00:00\",\"dateModified\":\"2026-09-02T12:34:59+00:00\",\"description\":\"Chiner, fouiner et d\u00e9nicher des tr\u00e9sors anciens : les march\u00e9s aux puces de la r\u00e9gion de Mainfranken vous invitent \u00e0 fl\u00e2ner par une belle journ\u00e9e d'automne.\",\"breadcrumb\":{\"@id\":\"https:\\\/\\\/career-mainfranken.com\\\/fr\\\/actualites-evenements\\\/marches-aux-puces-dautomne-dans-la-region-de-mainfranken\\\/#breadcrumb\"},\"inLanguage\":\"fr-FR\",\"potentialAction\":[{\"@type\":\"ReadAction\",\"target\":[\"https:\\\/\\\/career-mainfranken.com\\\/fr\\\/actualites-evenements\\\/marches-aux-puces-dautomne-dans-la-region-de-mainfranken\\\/\"]}]},{\"@type\":\"ImageObject\",\"inLanguage\":\"fr-FR\",\"@id\":\"https:\\\/\\\/career-mainfranken.com\\\/fr\\\/actualites-evenements\\\/marches-aux-puces-dautomne-dans-la-region-de-mainfranken\\\/#primaryimage\",\"url\":\"https:\\\/\\\/career-mainfranken.com\\\/wp-content\\\/uploads\\\/flohmarkt-bild.png\",\"contentUrl\":\"https:\\\/\\\/career-mainfranken.com\\\/wp-content\\\/uploads\\\/flohmarkt-bild.png\",\"width\":1350,\"height\":1080},{\"@type\":\"BreadcrumbList\",\"@id\":\"https:\\\/\\\/career-mainfranken.com\\\/fr\\\/actualites-evenements\\\/marches-aux-puces-dautomne-dans-la-region-de-mainfranken\\\/#breadcrumb\",\"itemListElement\":[{\"@type\":\"ListItem\",\"position\":1,\"name\":\"Page d'accueil\",\"item\":\"https:\\\/\\\/career-mainfranken.com\\\/fr\\\/page-daccueil\\\/\"},{\"@type\":\"ListItem\",\"position\":2,\"name\":\"March\u00e9s aux puces d&#8217;automne dans la r\u00e9gion de Mainfranken\"}]},{\"@type\":\"WebSite\",\"@id\":\"https:\\\/\\\/career-mainfranken.com\\\/fr\\\/#website\",\"url\":\"https:\\\/\\\/career-mainfranken.com\\\/fr\\\/\",\"name\":\"Region Mainfranken GmbH\",\"description\":\"\",\"publisher\":{\"@id\":\"https:\\\/\\\/career-mainfranken.com\\\/fr\\\/#organization\"},\"alternateName\":\"Region Mainfranken\",\"potentialAction\":[{\"@type\":\"SearchAction\",\"target\":{\"@type\":\"EntryPoint\",\"urlTemplate\":\"https:\\\/\\\/career-mainfranken.com\\\/fr\\\/?s={search_term_string}\"},\"query-input\":{\"@type\":\"PropertyValueSpecification\",\"valueRequired\":true,\"valueName\":\"search_term_string\"}}],\"inLanguage\":\"fr-FR\"},{\"@type\":\"Organization\",\"@id\":\"https:\\\/\\\/career-mainfranken.com\\\/fr\\\/#organization\",\"name\":\"Region Mainfranken GmbH\",\"alternateName\":\"Mainfranken work & live\",\"url\":\"https:\\\/\\\/career-mainfranken.com\\\/fr\\\/\",\"logo\":{\"@type\":\"ImageObject\",\"inLanguage\":\"fr-FR\",\"@id\":\"https:\\\/\\\/career-mainfranken.com\\\/fr\\\/#\\\/schema\\\/logo\\\/image\\\/\",\"url\":\"https:\\\/\\\/career-mainfranken.com\\\/wp-content\\\/uploads\\\/Region-Mainfranken_worklive_Version-1.png\",\"contentUrl\":\"https:\\\/\\\/career-mainfranken.com\\\/wp-content\\\/uploads\\\/Region-Mainfranken_worklive_Version-1.png\",\"width\":1142,\"height\":542,\"caption\":\"Region Mainfranken GmbH\"},\"image\":{\"@id\":\"https:\\\/\\\/career-mainfranken.com\\\/fr\\\/#\\\/schema\\\/logo\\\/image\\\/\"},\"sameAs\":[\"https:\\\/\\\/www.instagram.com\\\/region_mainfranken\\\/\"]},{\"@type\":\"Person\",\"@id\":\"https:\\\/\\\/career-mainfranken.com\\\/fr\\\/#\\\/schema\\\/person\\\/c1d302b12ae437350620eb4775f00ecd\",\"name\":\"PraktikantIn\",\"image\":{\"@type\":\"ImageObject\",\"inLanguage\":\"fr-FR\",\"@id\":\"https:\\\/\\\/secure.gravatar.com\\\/avatar\\\/d3afd10da2779b1ec30e3de543cb4d3831acaaaf06f6e0e04450c6b1b961a653?s=96&d=mm&r=g\",\"url\":\"https:\\\/\\\/secure.gravatar.com\\\/avatar\\\/d3afd10da2779b1ec30e3de543cb4d3831acaaaf06f6e0e04450c6b1b961a653?s=96&d=mm&r=g\",\"contentUrl\":\"https:\\\/\\\/secure.gravatar.com\\\/avatar\\\/d3afd10da2779b1ec30e3de543cb4d3831acaaaf06f6e0e04450c6b1b961a653?s=96&d=mm&r=g\",\"caption\":\"PraktikantIn\"},\"url\":\"https:\\\/\\\/career-mainfranken.com\\\/fr\\\/author\\\/praktikantin\\\/\"}]}<\/script>\n<!-- \/ Yoast SEO plugin. -->","yoast_head_json":{"title":"March\u00e9s aux puces d'automne dans la Region Mainfranken","description":"Chiner, fouiner et d\u00e9nicher des tr\u00e9sors anciens : les march\u00e9s aux puces de la r\u00e9gion de Mainfranken vous invitent \u00e0 fl\u00e2ner par une belle journ\u00e9e d'automne.","robots":{"index":"index","follow":"follow","max-snippet":"max-snippet:-1","max-image-preview":"max-image-preview:large","max-video-preview":"max-video-preview:-1"},"canonical":"https:\/\/career-mainfranken.com\/fr\/actualites-evenements\/marches-aux-puces-dautomne-dans-la-region-de-mainfranken\/","og_locale":"fr_FR","og_type":"article","og_title":"March\u00e9s aux puces d'automne dans la Region Mainfranken","og_description":"Chiner, fouiner et d\u00e9nicher des tr\u00e9sors anciens : les march\u00e9s aux puces de la r\u00e9gion de Mainfranken vous invitent \u00e0 fl\u00e2ner par une belle journ\u00e9e d'automne.","og_url":"https:\/\/career-mainfranken.com\/fr\/actualites-evenements\/marches-aux-puces-dautomne-dans-la-region-de-mainfranken\/","og_site_name":"Region Mainfranken","article_published_time":"2026-09-02T11:54:35+00:00","article_modified_time":"2026-09-02T12:34:59+00:00","og_image":[{"width":1024,"height":819,"url":"https:\/\/career-mainfranken.com\/wp-content\/uploads\/flohmarkt-bild-1024x819.png","type":"image\/png"}],"author":"PraktikantIn","twitter_card":"summary_large_image","twitter_misc":{"\u00c9crit par":"PraktikantIn","Dur\u00e9e de lecture estim\u00e9e":"9 minutes"},"schema":{"@context":"https:\/\/schema.org","@graph":[{"@type":"Article","@id":"https:\/\/career-mainfranken.com\/fr\/actualites-evenements\/marches-aux-puces-dautomne-dans-la-region-de-mainfranken\/#article","isPartOf":{"@id":"https:\/\/career-mainfranken.com\/fr\/actualites-evenements\/marches-aux-puces-dautomne-dans-la-region-de-mainfranken\/"},"author":{"name":"PraktikantIn","@id":"https:\/\/career-mainfranken.com\/fr\/#\/schema\/person\/c1d302b12ae437350620eb4775f00ecd"},"headline":"March\u00e9s aux puces d&rsquo;automne dans la r\u00e9gion de Mainfranken","datePublished":"2026-09-02T11:54:35+00:00","dateModified":"2026-09-02T12:34:59+00:00","mainEntityOfPage":{"@id":"https:\/\/career-mainfranken.com\/fr\/actualites-evenements\/marches-aux-puces-dautomne-dans-la-region-de-mainfranken\/"},"wordCount":1864,"publisher":{"@id":"https:\/\/career-mainfranken.com\/fr\/#organization"},"image":{"@id":"https:\/\/career-mainfranken.com\/fr\/actualites-evenements\/marches-aux-puces-dautomne-dans-la-region-de-mainfranken\/#primaryimage"},"thumbnailUrl":"https:\/\/career-mainfranken.com\/wp-content\/uploads\/flohmarkt-bild.png","articleSection":["Actualit\u00e9s \u00c9v\u00e9nements"],"inLanguage":"fr-FR"},{"@type":"WebPage","@id":"https:\/\/career-mainfranken.com\/fr\/actualites-evenements\/marches-aux-puces-dautomne-dans-la-region-de-mainfranken\/","url":"https:\/\/career-mainfranken.com\/fr\/actualites-evenements\/marches-aux-puces-dautomne-dans-la-region-de-mainfranken\/","name":"March\u00e9s aux puces d'automne dans la Region Mainfranken","isPartOf":{"@id":"https:\/\/career-mainfranken.com\/fr\/#website"},"primaryImageOfPage":{"@id":"https:\/\/career-mainfranken.com\/fr\/actualites-evenements\/marches-aux-puces-dautomne-dans-la-region-de-mainfranken\/#primaryimage"},"image":{"@id":"https:\/\/career-mainfranken.com\/fr\/actualites-evenements\/marches-aux-puces-dautomne-dans-la-region-de-mainfranken\/#primaryimage"},"thumbnailUrl":"https:\/\/career-mainfranken.com\/wp-content\/uploads\/flohmarkt-bild.png","datePublished":"2026-09-02T11:54:35+00:00","dateModified":"2026-09-02T12:34:59+00:00","description":"Chiner, fouiner et d\u00e9nicher des tr\u00e9sors anciens : les march\u00e9s aux puces de la r\u00e9gion de Mainfranken vous invitent \u00e0 fl\u00e2ner par une belle journ\u00e9e d'automne.","breadcrumb":{"@id":"https:\/\/career-mainfranken.com\/fr\/actualites-evenements\/marches-aux-puces-dautomne-dans-la-region-de-mainfranken\/#breadcrumb"},"inLanguage":"fr-FR","potentialAction":[{"@type":"ReadAction","target":["https:\/\/career-mainfranken.com\/fr\/actualites-evenements\/marches-aux-puces-dautomne-dans-la-region-de-mainfranken\/"]}]},{"@type":"ImageObject","inLanguage":"fr-FR","@id":"https:\/\/career-mainfranken.com\/fr\/actualites-evenements\/marches-aux-puces-dautomne-dans-la-region-de-mainfranken\/#primaryimage","url":"https:\/\/career-mainfranken.com\/wp-content\/uploads\/flohmarkt-bild.png","contentUrl":"https:\/\/career-mainfranken.com\/wp-content\/uploads\/flohmarkt-bild.png","width":1350,"height":1080},{"@type":"BreadcrumbList","@id":"https:\/\/career-mainfranken.com\/fr\/actualites-evenements\/marches-aux-puces-dautomne-dans-la-region-de-mainfranken\/#breadcrumb","itemListElement":[{"@type":"ListItem","position":1,"name":"Page d'accueil","item":"https:\/\/career-mainfranken.com\/fr\/page-daccueil\/"},{"@type":"ListItem","position":2,"name":"March\u00e9s aux puces d&#8217;automne dans la r\u00e9gion de Mainfranken"}]},{"@type":"WebSite","@id":"https:\/\/career-mainfranken.com\/fr\/#website","url":"https:\/\/career-mainfranken.com\/fr\/","name":"Region Mainfranken GmbH","description":"","publisher":{"@id":"https:\/\/career-mainfranken.com\/fr\/#organization"},"alternateName":"Region Mainfranken","potentialAction":[{"@type":"SearchAction","target":{"@type":"EntryPoint","urlTemplate":"https:\/\/career-mainfranken.com\/fr\/?s={search_term_string}"},"query-input":{"@type":"PropertyValueSpecification","valueRequired":true,"valueName":"search_term_string"}}],"inLanguage":"fr-FR"},{"@type":"Organization","@id":"https:\/\/career-mainfranken.com\/fr\/#organization","name":"Region Mainfranken GmbH","alternateName":"Mainfranken work & live","url":"https:\/\/career-mainfranken.com\/fr\/","logo":{"@type":"ImageObject","inLanguage":"fr-FR","@id":"https:\/\/career-mainfranken.com\/fr\/#\/schema\/logo\/image\/","url":"https:\/\/career-mainfranken.com\/wp-content\/uploads\/Region-Mainfranken_worklive_Version-1.png","contentUrl":"https:\/\/career-mainfranken.com\/wp-content\/uploads\/Region-Mainfranken_worklive_Version-1.png","width":1142,"height":542,"caption":"Region Mainfranken GmbH"},"image":{"@id":"https:\/\/career-mainfranken.com\/fr\/#\/schema\/logo\/image\/"},"sameAs":["https:\/\/www.instagram.com\/region_mainfranken\/"]},{"@type":"Person","@id":"https:\/\/career-mainfranken.com\/fr\/#\/schema\/person\/c1d302b12ae437350620eb4775f00ecd","name":"PraktikantIn","image":{"@type":"ImageObject","inLanguage":"fr-FR","@id":"https:\/\/secure.gravatar.com\/avatar\/d3afd10da2779b1ec30e3de543cb4d3831acaaaf06f6e0e04450c6b1b961a653?s=96&d=mm&r=g","url":"https:\/\/secure.gravatar.com\/avatar\/d3afd10da2779b1ec30e3de543cb4d3831acaaaf06f6e0e04450c6b1b961a653?s=96&d=mm&r=g","contentUrl":"https:\/\/secure.gravatar.com\/avatar\/d3afd10da2779b1ec30e3de543cb4d3831acaaaf06f6e0e04450c6b1b961a653?s=96&d=mm&r=g","caption":"PraktikantIn"},"url":"https:\/\/career-mainfranken.com\/fr\/author\/praktikantin\/"}]}},"_links":{"self":[{"href":"https:\/\/career-mainfranken.com\/fr\/wp-json\/wp\/v2\/posts\/25298","targetHints":{"allow":["GET"]}}],"collection":[{"href":"https:\/\/career-mainfranken.com\/fr\/wp-json\/wp\/v2\/posts"}],"about":[{"href":"https:\/\/career-mainfranken.com\/fr\/wp-json\/wp\/v2\/types\/post"}],"author":[{"embeddable":true,"href":"https:\/\/career-mainfranken.com\/fr\/wp-json\/wp\/v2\/users\/12"}],"replies":[{"embeddable":true,"href":"https:\/\/career-mainfranken.com\/fr\/wp-json\/wp\/v2\/comments?post=25298"}],"version-history":[{"count":5,"href":"https:\/\/career-mainfranken.com\/fr\/wp-json\/wp\/v2\/posts\/25298\/revisions"}],"predecessor-version":[{"id":25696,"href":"https:\/\/career-mainfranken.com\/fr\/wp-json\/wp\/v2\/posts\/25298\/revisions\/25696"}],"wp:featuredmedia":[{"embeddable":true,"href":"https:\/\/career-mainfranken.com\/fr\/wp-json\/wp\/v2\/media\/25665"}],"wp:attachment":[{"href":"https:\/\/career-mainfranken.com\/fr\/wp-json\/wp\/v2\/media?parent=25298"}],"wp:term":[{"taxonomy":"category","embeddable":true,"href":"https:\/\/career-mainfranken.com\/fr\/wp-json\/wp\/v2\/categories?post=25298"},{"taxonomy":"post_tag","embeddable":true,"href":"https:\/\/career-mainfranken.com\/fr\/wp-json\/wp\/v2\/tags?post=25298"}],"curies":[{"name":"wp","href":"https:\/\/api.w.org\/{rel}","templated":true}]}}