{"id":16090,"date":"2026-04-30T12:58:50","date_gmt":"2026-04-30T10:58:50","guid":{"rendered":"https:\/\/career-mainfranken.com\/non-categorise\/evenement-dinformation-reussi-sur-les-professionnels-qualifies-internationaux-a-ladministration-du-district-de-schweinfurt\/"},"modified":"2026-04-30T13:25:07","modified_gmt":"2026-04-30T11:25:07","slug":"evenement-dinformation-reussi-sur-les-professionnels-qualifies-internationaux-a-ladministration-du-district-de-schweinfurt","status":"publish","type":"post","link":"https:\/\/career-mainfranken.com\/fr\/actualites-evenements\/evenement-dinformation-reussi-sur-les-professionnels-qualifies-internationaux-a-ladministration-du-district-de-schweinfurt\/","title":{"rendered":"Succ\u00e8s de la r\u00e9union d\u2019information sur le th\u00e8me \u00ab Main-d\u2019\u0153uvre internationale \u00bb"},"content":{"rendered":"<div class=\"fusion-fullwidth fullwidth-box fusion-builder-row-1 fusion-flex-container has-pattern-background has-mask-background nonhundred-percent-fullwidth non-hundred-percent-height-scrolling blog_inhalt\" style=\"--awb-border-radius-top-left:0px;--awb-border-radius-top-right:0px;--awb-border-radius-bottom-right:0px;--awb-border-radius-bottom-left:0px;--awb-padding-right:0px;--awb-padding-left:0px;--awb-flex-wrap:wrap;\" ><div class=\"fusion-builder-row fusion-row fusion-flex-align-items-flex-start fusion-flex-content-wrap\" style=\"max-width:1664px;margin-left: calc(-4% \/ 2 );margin-right: calc(-4% \/ 2 );\"><div class=\"fusion-layout-column fusion_builder_column fusion-builder-column-0 fusion_builder_column_1_1 1_1 fusion-flex-column\" style=\"--awb-bg-size:cover;--awb-width-large:100%;--awb-margin-top-large:0px;--awb-spacing-right-large:1.92%;--awb-margin-bottom-large:0px;--awb-spacing-left-large:1.92%;--awb-width-medium:100%;--awb-spacing-right-medium:1.92%;--awb-spacing-left-medium:1.92%;--awb-width-small:100%;--awb-spacing-right-small:1.92%;--awb-spacing-left-small:1.92%;\"><div class=\"fusion-column-wrapper fusion-flex-justify-content-flex-start fusion-content-layout-column\"><div class=\"fusion-text fusion-text-1\"><p>De nombreux repr\u00e9sentants d&rsquo;entreprises de la r\u00e9gion ont profit\u00e9 de l&rsquo;occasion hier apr\u00e8s-midi pour s&rsquo;informer en d\u00e9tail, \u00e0 l&rsquo;administration du district de Schweinfurt, sur l&rsquo;attraction, la reconnaissance et le soutien des professionnels qualifi\u00e9s internationaux. L&rsquo;\u00e9v\u00e9nement commun \u00ab Professionnels qualifi\u00e9s internationaux \u2013 Ce que les entreprises doivent savoir \u00bb a \u00e9t\u00e9 organis\u00e9 par l&rsquo;agence de d\u00e9veloppement \u00e9conomique du district de Schweinfurt, l&rsquo;agence de d\u00e9veloppement \u00e9conomique de la ville de Schweinfurt et la Region Mainfranken GmbH. <\/p>\n<p>L&rsquo;\u00e9v\u00e9nement a mis l&rsquo;accent sur des informations pratiques et des offres de soutien concr\u00e8tes pour les entreprises souhaitant faire face \u00e0 la p\u00e9nurie de main-d&rsquo;\u0153uvre qualifi\u00e9e par des solutions internationales.<\/p>\n<p>L&rsquo;\u00e9v\u00e9nement a \u00e9t\u00e9 inaugur\u00e9 par le pr\u00e9fet Florian T\u00f6pper et le maire Sebastian Remel\u00e9, qui ont soulign\u00e9 la grande pertinence des professionnels qualifi\u00e9s internationaux pour l&rsquo;avenir \u00e9conomique de la r\u00e9gion. Pour le maire Remel\u00e9, cet \u00e9v\u00e9nement \u00e9tait \u00e9galement l&rsquo;une de ses derni\u00e8res apparitions publiques officielles en fonction active \u2013 un moment sp\u00e9cial pour la coop\u00e9ration r\u00e9gionale. <\/p>\n<h2><strong>Par la suite, les participants ont obtenu des aper\u00e7us approfondis sur des domaines th\u00e9matiques centraux :<\/strong><\/h2>\n<ul>\n<li><u>Reconnaissance des qualifications professionnelles \u00e9trang\u00e8res<br \/>\n<\/u>Petar Mi\u0161\u010devi\u0107 du Centre de coordination et de conseil pour la reconnaissance professionnelle (KuBB) a expliqu\u00e9 les proc\u00e9dures et les possibilit\u00e9s de soutien.<\/li>\n<li><u>Attraction de professionnels qualifi\u00e9s internationaux<\/u><br \/>\nKlaus Speckner du Bureau central pour l&rsquo;immigration de professionnels qualifi\u00e9s (ZSEF) a fourni des connaissances concises sur les processus d&rsquo;immigration et les conditions-cadres.<\/li>\n<li><u>Possibilit\u00e9s de financement pour les entreprises<\/u><br \/>\nSandro H\u00f6hn et Janina Zieglmeier de l&rsquo;Agence pour l&#8217;emploi de Schweinfurt ont inform\u00e9 sur les programmes de soutien et les aides pratiques.<\/li>\n<\/ul>\n<p>Un \u00e9change intense s&rsquo;est ensuite d\u00e9velopp\u00e9 entre les entreprises, les intervenants et les organisateurs. La discussion anim\u00e9e a clairement montr\u00e9 l&rsquo;ampleur de l&rsquo;int\u00e9r\u00eat pour des solutions pratiques visant \u00e0 assurer la main-d&rsquo;\u0153uvre qualifi\u00e9e. Le dialogue ouvert et le r\u00e9seautage qui ont suivi ont \u00e9t\u00e9 particuli\u00e8rement appr\u00e9ci\u00e9s par les participants comme une grande valeur ajout\u00e9e.  <\/p>\n<h2><strong>Un signal r\u00e9gional fort pour la s\u00e9curisation de la main-d&rsquo;\u0153uvre qualifi\u00e9e<\/strong><\/h2>\n<p>Avec ce format d&rsquo;\u00e9v\u00e9nement commun, l&rsquo;administration du district de Schweinfurt, la ville de Schweinfurt et la Region Mainfranken GmbH ont soulign\u00e9 leur \u00e9troite collaboration en mati\u00e8re de s\u00e9curisation de la main-d&rsquo;\u0153uvre qualifi\u00e9e et leur engagement pour des structures \u00e9conomiques durables en Mainfranken.<br \/>\nLa r\u00e9action positive des participants a clairement montr\u00e9 que les professionnels qualifi\u00e9s internationaux restent un sujet central pour l&rsquo;avenir des entreprises de la r\u00e9gion et que de telles offres d&rsquo;information communes apportent une contribution importante.<\/p>\n<p><b>Cr\u00e9dit photo :  <\/b><\/p>\n<p>Lors de l&rsquo;utilisation de la photographie, nous vous prions de mentionner les informations suivantes :<\/p>\n<p><b>L\u00e9gende photo 1 :<\/b> Au second plan, de gauche \u00e0 droite : Klaus Speckner, Petar Miscevic, Sandro H\u00f6hn ; au milieu, de gauche \u00e0 droite : le maire Sebastian Remel\u00e9 et le pr\u00e9fet Florian T\u00f6pper ainsi que Janina Zieglmeier (au premier plan).<\/p>\n<p><b>L\u00e9gende photo 2 :<\/b> Rebecca Weber (au pupitre) a anim\u00e9 le programme de l\u2019apr\u00e8s-midi de conf\u00e9rences \u00ab Main-d\u2019\u0153uvre internationale \u00bb.<\/p>\n<p><strong>Photos :<\/strong> Andreas L\u00f6sch\/lrasw<\/p>\n<\/div><div ><a class=\"fusion-button button-3d fusion-button-default-size button-default fusion-button-default button-1 fusion-button-default-span fusion-button-default-type\" target=\"_self\" href=\"https:\/\/career-mainfranken.com\/fr\/actualites-evenements\/\"><span class=\"fusion-button-text awb-button__text awb-button__text--default\">Vers tous les articles de blog<\/span><\/a><\/div><\/div><\/div><\/div><\/div>\n","protected":false},"excerpt":{"rendered":"","protected":false},"author":8,"featured_media":16092,"comment_status":"closed","ping_status":"closed","sticky":false,"template":"","format":"standard","meta":{"footnotes":"","_links_to":"","_links_to_target":""},"categories":[69],"tags":[],"class_list":["post-16090","post","type-post","status-publish","format-standard","has-post-thumbnail","hentry","category-actualites-evenements"],"yoast_head":"<!-- This site is optimized with the Yoast SEO plugin v27.5 - https:\/\/yoast.com\/product\/yoast-seo-wordpress\/ -->\n<title>Professionnels qualifi\u00e9s internationaux pour les entreprises | Region Mainfranken GmbH | travailler &amp; vivre<\/title>\n<meta name=\"description\" content=\"\u00c9v\u00e9nement d&#039;information \u00e0 l&#039;administration du district de Schweinfurt : les entreprises ont appris comment attirer des professionnels qualifi\u00e9s internationaux, faire reconna\u00eetre leurs qualifications et b\u00e9n\u00e9ficier des aides.\" \/>\n<meta name=\"robots\" content=\"index, follow, max-snippet:-1, max-image-preview:large, max-video-preview:-1\" \/>\n<link rel=\"canonical\" href=\"https:\/\/career-mainfranken.com\/fr\/actualites-evenements\/evenement-dinformation-reussi-sur-les-professionnels-qualifies-internationaux-a-ladministration-du-district-de-schweinfurt\/\" \/>\n<meta property=\"og:locale\" content=\"fr_FR\" \/>\n<meta property=\"og:type\" content=\"article\" \/>\n<meta property=\"og:title\" content=\"Professionnels qualifi\u00e9s internationaux pour les entreprises | Region Mainfranken GmbH | travailler &amp; vivre\" \/>\n<meta property=\"og:description\" content=\"\u00c9v\u00e9nement d&#039;information \u00e0 l&#039;administration du district de Schweinfurt : les entreprises ont appris comment attirer des professionnels qualifi\u00e9s internationaux, faire reconna\u00eetre leurs qualifications et b\u00e9n\u00e9ficier des aides.\" \/>\n<meta property=\"og:url\" content=\"https:\/\/career-mainfranken.com\/fr\/actualites-evenements\/evenement-dinformation-reussi-sur-les-professionnels-qualifies-internationaux-a-ladministration-du-district-de-schweinfurt\/\" \/>\n<meta property=\"og:site_name\" content=\"Region Mainfranken\" \/>\n<meta property=\"article:published_time\" content=\"2026-04-30T10:58:50+00:00\" \/>\n<meta property=\"article:modified_time\" content=\"2026-04-30T11:25:07+00:00\" \/>\n<meta property=\"og:image\" content=\"https:\/\/career-mainfranken.com\/wp-content\/uploads\/Bild2-Wifoe_Internationale-Fachkraefte-fuer-Unternehmen-2_Foto-Loesch-1024x506.png\" \/>\n\t<meta property=\"og:image:width\" content=\"1024\" \/>\n\t<meta property=\"og:image:height\" content=\"506\" \/>\n\t<meta property=\"og:image:type\" content=\"image\/png\" \/>\n<meta name=\"author\" content=\"Paula Steininger\" \/>\n<meta name=\"twitter:card\" content=\"summary_large_image\" \/>\n<meta name=\"twitter:label1\" content=\"\u00c9crit par\" \/>\n\t<meta name=\"twitter:data1\" content=\"Paula Steininger\" \/>\n\t<meta name=\"twitter:label2\" content=\"Dur\u00e9e de lecture estim\u00e9e\" \/>\n\t<meta name=\"twitter:data2\" content=\"7 minutes\" \/>\n<script type=\"application\/ld+json\" class=\"yoast-schema-graph\">{\"@context\":\"https:\\\/\\\/schema.org\",\"@graph\":[{\"@type\":\"Article\",\"@id\":\"https:\\\/\\\/career-mainfranken.com\\\/fr\\\/actualites-evenements\\\/evenement-dinformation-reussi-sur-les-professionnels-qualifies-internationaux-a-ladministration-du-district-de-schweinfurt\\\/#article\",\"isPartOf\":{\"@id\":\"https:\\\/\\\/career-mainfranken.com\\\/fr\\\/actualites-evenements\\\/evenement-dinformation-reussi-sur-les-professionnels-qualifies-internationaux-a-ladministration-du-district-de-schweinfurt\\\/\"},\"author\":{\"name\":\"Paula Steininger\",\"@id\":\"https:\\\/\\\/career-mainfranken.com\\\/fr\\\/#\\\/schema\\\/person\\\/a963037fb8d07a3041996b27153f125f\"},\"headline\":\"Succ\u00e8s de la r\u00e9union d\u2019information sur le th\u00e8me \u00ab Main-d\u2019\u0153uvre internationale \u00bb\",\"datePublished\":\"2026-04-30T10:58:50+00:00\",\"dateModified\":\"2026-04-30T11:25:07+00:00\",\"mainEntityOfPage\":{\"@id\":\"https:\\\/\\\/career-mainfranken.com\\\/fr\\\/actualites-evenements\\\/evenement-dinformation-reussi-sur-les-professionnels-qualifies-internationaux-a-ladministration-du-district-de-schweinfurt\\\/\"},\"wordCount\":1484,\"image\":{\"@id\":\"https:\\\/\\\/career-mainfranken.com\\\/fr\\\/actualites-evenements\\\/evenement-dinformation-reussi-sur-les-professionnels-qualifies-internationaux-a-ladministration-du-district-de-schweinfurt\\\/#primaryimage\"},\"thumbnailUrl\":\"https:\\\/\\\/career-mainfranken.com\\\/wp-content\\\/uploads\\\/Bild2-Wifoe_Internationale-Fachkraefte-fuer-Unternehmen-2_Foto-Loesch.png\",\"articleSection\":[\"Actualit\u00e9s \u00c9v\u00e9nements\"],\"inLanguage\":\"fr-FR\"},{\"@type\":\"WebPage\",\"@id\":\"https:\\\/\\\/career-mainfranken.com\\\/fr\\\/actualites-evenements\\\/evenement-dinformation-reussi-sur-les-professionnels-qualifies-internationaux-a-ladministration-du-district-de-schweinfurt\\\/\",\"url\":\"https:\\\/\\\/career-mainfranken.com\\\/fr\\\/actualites-evenements\\\/evenement-dinformation-reussi-sur-les-professionnels-qualifies-internationaux-a-ladministration-du-district-de-schweinfurt\\\/\",\"name\":\"Professionnels qualifi\u00e9s internationaux pour les entreprises | Region Mainfranken GmbH | travailler & vivre\",\"isPartOf\":{\"@id\":\"https:\\\/\\\/career-mainfranken.com\\\/fr\\\/#website\"},\"primaryImageOfPage\":{\"@id\":\"https:\\\/\\\/career-mainfranken.com\\\/fr\\\/actualites-evenements\\\/evenement-dinformation-reussi-sur-les-professionnels-qualifies-internationaux-a-ladministration-du-district-de-schweinfurt\\\/#primaryimage\"},\"image\":{\"@id\":\"https:\\\/\\\/career-mainfranken.com\\\/fr\\\/actualites-evenements\\\/evenement-dinformation-reussi-sur-les-professionnels-qualifies-internationaux-a-ladministration-du-district-de-schweinfurt\\\/#primaryimage\"},\"thumbnailUrl\":\"https:\\\/\\\/career-mainfranken.com\\\/wp-content\\\/uploads\\\/Bild2-Wifoe_Internationale-Fachkraefte-fuer-Unternehmen-2_Foto-Loesch.png\",\"datePublished\":\"2026-04-30T10:58:50+00:00\",\"dateModified\":\"2026-04-30T11:25:07+00:00\",\"author\":{\"@id\":\"https:\\\/\\\/career-mainfranken.com\\\/fr\\\/#\\\/schema\\\/person\\\/a963037fb8d07a3041996b27153f125f\"},\"description\":\"\u00c9v\u00e9nement d'information \u00e0 l'administration du district de Schweinfurt : les entreprises ont appris comment attirer des professionnels qualifi\u00e9s internationaux, faire reconna\u00eetre leurs qualifications et b\u00e9n\u00e9ficier des aides.\",\"breadcrumb\":{\"@id\":\"https:\\\/\\\/career-mainfranken.com\\\/fr\\\/actualites-evenements\\\/evenement-dinformation-reussi-sur-les-professionnels-qualifies-internationaux-a-ladministration-du-district-de-schweinfurt\\\/#breadcrumb\"},\"inLanguage\":\"fr-FR\",\"potentialAction\":[{\"@type\":\"ReadAction\",\"target\":[\"https:\\\/\\\/career-mainfranken.com\\\/fr\\\/actualites-evenements\\\/evenement-dinformation-reussi-sur-les-professionnels-qualifies-internationaux-a-ladministration-du-district-de-schweinfurt\\\/\"]}]},{\"@type\":\"ImageObject\",\"inLanguage\":\"fr-FR\",\"@id\":\"https:\\\/\\\/career-mainfranken.com\\\/fr\\\/actualites-evenements\\\/evenement-dinformation-reussi-sur-les-professionnels-qualifies-internationaux-a-ladministration-du-district-de-schweinfurt\\\/#primaryimage\",\"url\":\"https:\\\/\\\/career-mainfranken.com\\\/wp-content\\\/uploads\\\/Bild2-Wifoe_Internationale-Fachkraefte-fuer-Unternehmen-2_Foto-Loesch.png\",\"contentUrl\":\"https:\\\/\\\/career-mainfranken.com\\\/wp-content\\\/uploads\\\/Bild2-Wifoe_Internationale-Fachkraefte-fuer-Unternehmen-2_Foto-Loesch.png\",\"width\":1600,\"height\":791},{\"@type\":\"BreadcrumbList\",\"@id\":\"https:\\\/\\\/career-mainfranken.com\\\/fr\\\/actualites-evenements\\\/evenement-dinformation-reussi-sur-les-professionnels-qualifies-internationaux-a-ladministration-du-district-de-schweinfurt\\\/#breadcrumb\",\"itemListElement\":[{\"@type\":\"ListItem\",\"position\":1,\"name\":\"Page d'accueil\",\"item\":\"https:\\\/\\\/career-mainfranken.com\\\/fr\\\/page-daccueil\\\/\"},{\"@type\":\"ListItem\",\"position\":2,\"name\":\"Succ\u00e8s de la r\u00e9union d\u2019information sur le th\u00e8me \u00ab Main-d\u2019\u0153uvre internationale \u00bb\"}]},{\"@type\":\"WebSite\",\"@id\":\"https:\\\/\\\/career-mainfranken.com\\\/fr\\\/#website\",\"url\":\"https:\\\/\\\/career-mainfranken.com\\\/fr\\\/\",\"name\":\"Region Mainfranken\",\"description\":\"\",\"potentialAction\":[{\"@type\":\"SearchAction\",\"target\":{\"@type\":\"EntryPoint\",\"urlTemplate\":\"https:\\\/\\\/career-mainfranken.com\\\/fr\\\/?s={search_term_string}\"},\"query-input\":{\"@type\":\"PropertyValueSpecification\",\"valueRequired\":true,\"valueName\":\"search_term_string\"}}],\"inLanguage\":\"fr-FR\"},{\"@type\":\"Person\",\"@id\":\"https:\\\/\\\/career-mainfranken.com\\\/fr\\\/#\\\/schema\\\/person\\\/a963037fb8d07a3041996b27153f125f\",\"name\":\"Paula Steininger\",\"image\":{\"@type\":\"ImageObject\",\"inLanguage\":\"fr-FR\",\"@id\":\"https:\\\/\\\/secure.gravatar.com\\\/avatar\\\/55ae4126483cc9b22c85b8358728bba73292ad9824776176f3d2957443d72458?s=96&d=mm&r=g\",\"url\":\"https:\\\/\\\/secure.gravatar.com\\\/avatar\\\/55ae4126483cc9b22c85b8358728bba73292ad9824776176f3d2957443d72458?s=96&d=mm&r=g\",\"contentUrl\":\"https:\\\/\\\/secure.gravatar.com\\\/avatar\\\/55ae4126483cc9b22c85b8358728bba73292ad9824776176f3d2957443d72458?s=96&d=mm&r=g\",\"caption\":\"Paula Steininger\"},\"url\":\"https:\\\/\\\/career-mainfranken.com\\\/fr\\\/author\\\/psteininger\\\/\"}]}<\/script>\n<!-- \/ Yoast SEO plugin. -->","yoast_head_json":{"title":"Professionnels qualifi\u00e9s internationaux pour les entreprises | Region Mainfranken GmbH | travailler & vivre","description":"\u00c9v\u00e9nement d'information \u00e0 l'administration du district de Schweinfurt : les entreprises ont appris comment attirer des professionnels qualifi\u00e9s internationaux, faire reconna\u00eetre leurs qualifications et b\u00e9n\u00e9ficier des aides.","robots":{"index":"index","follow":"follow","max-snippet":"max-snippet:-1","max-image-preview":"max-image-preview:large","max-video-preview":"max-video-preview:-1"},"canonical":"https:\/\/career-mainfranken.com\/fr\/actualites-evenements\/evenement-dinformation-reussi-sur-les-professionnels-qualifies-internationaux-a-ladministration-du-district-de-schweinfurt\/","og_locale":"fr_FR","og_type":"article","og_title":"Professionnels qualifi\u00e9s internationaux pour les entreprises | Region Mainfranken GmbH | travailler & vivre","og_description":"\u00c9v\u00e9nement d'information \u00e0 l'administration du district de Schweinfurt : les entreprises ont appris comment attirer des professionnels qualifi\u00e9s internationaux, faire reconna\u00eetre leurs qualifications et b\u00e9n\u00e9ficier des aides.","og_url":"https:\/\/career-mainfranken.com\/fr\/actualites-evenements\/evenement-dinformation-reussi-sur-les-professionnels-qualifies-internationaux-a-ladministration-du-district-de-schweinfurt\/","og_site_name":"Region Mainfranken","article_published_time":"2026-04-30T10:58:50+00:00","article_modified_time":"2026-04-30T11:25:07+00:00","og_image":[{"width":1024,"height":506,"url":"https:\/\/career-mainfranken.com\/wp-content\/uploads\/Bild2-Wifoe_Internationale-Fachkraefte-fuer-Unternehmen-2_Foto-Loesch-1024x506.png","type":"image\/png"}],"author":"Paula Steininger","twitter_card":"summary_large_image","twitter_misc":{"\u00c9crit par":"Paula Steininger","Dur\u00e9e de lecture estim\u00e9e":"7 minutes"},"schema":{"@context":"https:\/\/schema.org","@graph":[{"@type":"Article","@id":"https:\/\/career-mainfranken.com\/fr\/actualites-evenements\/evenement-dinformation-reussi-sur-les-professionnels-qualifies-internationaux-a-ladministration-du-district-de-schweinfurt\/#article","isPartOf":{"@id":"https:\/\/career-mainfranken.com\/fr\/actualites-evenements\/evenement-dinformation-reussi-sur-les-professionnels-qualifies-internationaux-a-ladministration-du-district-de-schweinfurt\/"},"author":{"name":"Paula Steininger","@id":"https:\/\/career-mainfranken.com\/fr\/#\/schema\/person\/a963037fb8d07a3041996b27153f125f"},"headline":"Succ\u00e8s de la r\u00e9union d\u2019information sur le th\u00e8me \u00ab Main-d\u2019\u0153uvre internationale \u00bb","datePublished":"2026-04-30T10:58:50+00:00","dateModified":"2026-04-30T11:25:07+00:00","mainEntityOfPage":{"@id":"https:\/\/career-mainfranken.com\/fr\/actualites-evenements\/evenement-dinformation-reussi-sur-les-professionnels-qualifies-internationaux-a-ladministration-du-district-de-schweinfurt\/"},"wordCount":1484,"image":{"@id":"https:\/\/career-mainfranken.com\/fr\/actualites-evenements\/evenement-dinformation-reussi-sur-les-professionnels-qualifies-internationaux-a-ladministration-du-district-de-schweinfurt\/#primaryimage"},"thumbnailUrl":"https:\/\/career-mainfranken.com\/wp-content\/uploads\/Bild2-Wifoe_Internationale-Fachkraefte-fuer-Unternehmen-2_Foto-Loesch.png","articleSection":["Actualit\u00e9s \u00c9v\u00e9nements"],"inLanguage":"fr-FR"},{"@type":"WebPage","@id":"https:\/\/career-mainfranken.com\/fr\/actualites-evenements\/evenement-dinformation-reussi-sur-les-professionnels-qualifies-internationaux-a-ladministration-du-district-de-schweinfurt\/","url":"https:\/\/career-mainfranken.com\/fr\/actualites-evenements\/evenement-dinformation-reussi-sur-les-professionnels-qualifies-internationaux-a-ladministration-du-district-de-schweinfurt\/","name":"Professionnels qualifi\u00e9s internationaux pour les entreprises | Region Mainfranken GmbH | travailler & vivre","isPartOf":{"@id":"https:\/\/career-mainfranken.com\/fr\/#website"},"primaryImageOfPage":{"@id":"https:\/\/career-mainfranken.com\/fr\/actualites-evenements\/evenement-dinformation-reussi-sur-les-professionnels-qualifies-internationaux-a-ladministration-du-district-de-schweinfurt\/#primaryimage"},"image":{"@id":"https:\/\/career-mainfranken.com\/fr\/actualites-evenements\/evenement-dinformation-reussi-sur-les-professionnels-qualifies-internationaux-a-ladministration-du-district-de-schweinfurt\/#primaryimage"},"thumbnailUrl":"https:\/\/career-mainfranken.com\/wp-content\/uploads\/Bild2-Wifoe_Internationale-Fachkraefte-fuer-Unternehmen-2_Foto-Loesch.png","datePublished":"2026-04-30T10:58:50+00:00","dateModified":"2026-04-30T11:25:07+00:00","author":{"@id":"https:\/\/career-mainfranken.com\/fr\/#\/schema\/person\/a963037fb8d07a3041996b27153f125f"},"description":"\u00c9v\u00e9nement d'information \u00e0 l'administration du district de Schweinfurt : les entreprises ont appris comment attirer des professionnels qualifi\u00e9s internationaux, faire reconna\u00eetre leurs qualifications et b\u00e9n\u00e9ficier des aides.","breadcrumb":{"@id":"https:\/\/career-mainfranken.com\/fr\/actualites-evenements\/evenement-dinformation-reussi-sur-les-professionnels-qualifies-internationaux-a-ladministration-du-district-de-schweinfurt\/#breadcrumb"},"inLanguage":"fr-FR","potentialAction":[{"@type":"ReadAction","target":["https:\/\/career-mainfranken.com\/fr\/actualites-evenements\/evenement-dinformation-reussi-sur-les-professionnels-qualifies-internationaux-a-ladministration-du-district-de-schweinfurt\/"]}]},{"@type":"ImageObject","inLanguage":"fr-FR","@id":"https:\/\/career-mainfranken.com\/fr\/actualites-evenements\/evenement-dinformation-reussi-sur-les-professionnels-qualifies-internationaux-a-ladministration-du-district-de-schweinfurt\/#primaryimage","url":"https:\/\/career-mainfranken.com\/wp-content\/uploads\/Bild2-Wifoe_Internationale-Fachkraefte-fuer-Unternehmen-2_Foto-Loesch.png","contentUrl":"https:\/\/career-mainfranken.com\/wp-content\/uploads\/Bild2-Wifoe_Internationale-Fachkraefte-fuer-Unternehmen-2_Foto-Loesch.png","width":1600,"height":791},{"@type":"BreadcrumbList","@id":"https:\/\/career-mainfranken.com\/fr\/actualites-evenements\/evenement-dinformation-reussi-sur-les-professionnels-qualifies-internationaux-a-ladministration-du-district-de-schweinfurt\/#breadcrumb","itemListElement":[{"@type":"ListItem","position":1,"name":"Page d'accueil","item":"https:\/\/career-mainfranken.com\/fr\/page-daccueil\/"},{"@type":"ListItem","position":2,"name":"Succ\u00e8s de la r\u00e9union d\u2019information sur le th\u00e8me \u00ab Main-d\u2019\u0153uvre internationale \u00bb"}]},{"@type":"WebSite","@id":"https:\/\/career-mainfranken.com\/fr\/#website","url":"https:\/\/career-mainfranken.com\/fr\/","name":"Region Mainfranken","description":"","potentialAction":[{"@type":"SearchAction","target":{"@type":"EntryPoint","urlTemplate":"https:\/\/career-mainfranken.com\/fr\/?s={search_term_string}"},"query-input":{"@type":"PropertyValueSpecification","valueRequired":true,"valueName":"search_term_string"}}],"inLanguage":"fr-FR"},{"@type":"Person","@id":"https:\/\/career-mainfranken.com\/fr\/#\/schema\/person\/a963037fb8d07a3041996b27153f125f","name":"Paula Steininger","image":{"@type":"ImageObject","inLanguage":"fr-FR","@id":"https:\/\/secure.gravatar.com\/avatar\/55ae4126483cc9b22c85b8358728bba73292ad9824776176f3d2957443d72458?s=96&d=mm&r=g","url":"https:\/\/secure.gravatar.com\/avatar\/55ae4126483cc9b22c85b8358728bba73292ad9824776176f3d2957443d72458?s=96&d=mm&r=g","contentUrl":"https:\/\/secure.gravatar.com\/avatar\/55ae4126483cc9b22c85b8358728bba73292ad9824776176f3d2957443d72458?s=96&d=mm&r=g","caption":"Paula Steininger"},"url":"https:\/\/career-mainfranken.com\/fr\/author\/psteininger\/"}]}},"_links":{"self":[{"href":"https:\/\/career-mainfranken.com\/fr\/wp-json\/wp\/v2\/posts\/16090","targetHints":{"allow":["GET"]}}],"collection":[{"href":"https:\/\/career-mainfranken.com\/fr\/wp-json\/wp\/v2\/posts"}],"about":[{"href":"https:\/\/career-mainfranken.com\/fr\/wp-json\/wp\/v2\/types\/post"}],"author":[{"embeddable":true,"href":"https:\/\/career-mainfranken.com\/fr\/wp-json\/wp\/v2\/users\/8"}],"replies":[{"embeddable":true,"href":"https:\/\/career-mainfranken.com\/fr\/wp-json\/wp\/v2\/comments?post=16090"}],"version-history":[{"count":5,"href":"https:\/\/career-mainfranken.com\/fr\/wp-json\/wp\/v2\/posts\/16090\/revisions"}],"predecessor-version":[{"id":16207,"href":"https:\/\/career-mainfranken.com\/fr\/wp-json\/wp\/v2\/posts\/16090\/revisions\/16207"}],"wp:featuredmedia":[{"embeddable":true,"href":"https:\/\/career-mainfranken.com\/fr\/wp-json\/wp\/v2\/media\/16092"}],"wp:attachment":[{"href":"https:\/\/career-mainfranken.com\/fr\/wp-json\/wp\/v2\/media?parent=16090"}],"wp:term":[{"taxonomy":"category","embeddable":true,"href":"https:\/\/career-mainfranken.com\/fr\/wp-json\/wp\/v2\/categories?post=16090"},{"taxonomy":"post_tag","embeddable":true,"href":"https:\/\/career-mainfranken.com\/fr\/wp-json\/wp\/v2\/tags?post=16090"}],"curies":[{"name":"wp","href":"https:\/\/api.w.org\/{rel}","templated":true}]}}