{"id":14815,"date":"2026-03-03T10:52:17","date_gmt":"2026-03-03T09:52:17","guid":{"rendered":"https:\/\/career-mainfranken.com\/non-categorise\/le-president-de-luniversite-de-wurtzbourg-paul-pauli-parmi-le-top-10-du-classement-des-recteurs\/"},"modified":"2026-03-04T08:07:20","modified_gmt":"2026-03-04T07:07:20","slug":"le-president-de-luniversite-de-wurtzbourg-paul-pauli-parmi-le-top-10-du-classement-des-recteurs","status":"publish","type":"post","link":"https:\/\/career-mainfranken.com\/fr\/actualites-entreprises\/le-president-de-luniversite-de-wurtzbourg-paul-pauli-parmi-le-top-10-du-classement-des-recteurs\/","title":{"rendered":"Le pr\u00e9sident de l&rsquo;universit\u00e9 de Wurtzbourg Paul Pauli parmi le top 10 du classement des recteurs"},"content":{"rendered":"<p>03.03.2026<\/p>\n<p>Cr\u00e9dit photo : Jonas Blank<\/p>\n","protected":false},"excerpt":{"rendered":"<p>03.03.2026 Cr\u00e9dit photo : Jonas Blank<\/p>\n","protected":false},"author":12,"featured_media":14828,"comment_status":"closed","ping_status":"open","sticky":false,"template":"","format":"standard","meta":{"footnotes":"","_links_to":"","_links_to_target":""},"categories":[67],"tags":[],"class_list":["post-14815","post","type-post","status-publish","format-standard","has-post-thumbnail","hentry","category-actualites-entreprises"],"yoast_head":"<!-- This site is optimized with the Yoast SEO plugin v27.5 - https:\/\/yoast.com\/product\/yoast-seo-wordpress\/ -->\n<title>Le pr\u00e9sident de l&#039;universit\u00e9 de Wurtzbourg Paul Pauli parmi le top 10 du classement des recteurs - Region Mainfranken<\/title>\n<meta name=\"robots\" content=\"index, follow, max-snippet:-1, max-image-preview:large, max-video-preview:-1\" \/>\n<link rel=\"canonical\" href=\"https:\/\/career-mainfranken.com\/fr\/actualites-entreprises\/le-president-de-luniversite-de-wurtzbourg-paul-pauli-parmi-le-top-10-du-classement-des-recteurs\/\" \/>\n<meta property=\"og:locale\" content=\"fr_FR\" \/>\n<meta property=\"og:type\" content=\"article\" \/>\n<meta property=\"og:title\" content=\"Le pr\u00e9sident de l&#039;universit\u00e9 de Wurtzbourg Paul Pauli parmi le top 10 du classement des recteurs - Region Mainfranken\" \/>\n<meta property=\"og:description\" content=\"03.03.2026 Cr\u00e9dit photo : Jonas Blank\" \/>\n<meta property=\"og:url\" content=\"https:\/\/career-mainfranken.com\/fr\/actualites-entreprises\/le-president-de-luniversite-de-wurtzbourg-paul-pauli-parmi-le-top-10-du-classement-des-recteurs\/\" \/>\n<meta property=\"og:site_name\" content=\"Region Mainfranken\" \/>\n<meta property=\"article:published_time\" content=\"2026-03-03T09:52:17+00:00\" \/>\n<meta property=\"article:modified_time\" content=\"2026-03-04T07:07:20+00:00\" \/>\n<meta property=\"og:image\" content=\"https:\/\/career-mainfranken.com\/wp-content\/uploads\/Rektorenranking-Paul-Pauli.jpg\" \/>\n\t<meta property=\"og:image:width\" content=\"2500\" \/>\n\t<meta property=\"og:image:height\" content=\"1667\" \/>\n\t<meta property=\"og:image:type\" content=\"image\/jpeg\" \/>\n<meta name=\"author\" content=\"PraktikantIn\" \/>\n<meta name=\"twitter:card\" content=\"summary_large_image\" \/>\n<meta name=\"twitter:label1\" content=\"\u00c9crit par\" \/>\n\t<meta name=\"twitter:data1\" content=\"PraktikantIn\" \/>\n<script type=\"application\/ld+json\" class=\"yoast-schema-graph\">{\"@context\":\"https:\\\/\\\/schema.org\",\"@graph\":[{\"@type\":\"Article\",\"@id\":\"https:\\\/\\\/career-mainfranken.com\\\/fr\\\/actualites-entreprises\\\/le-president-de-luniversite-de-wurtzbourg-paul-pauli-parmi-le-top-10-du-classement-des-recteurs\\\/#article\",\"isPartOf\":{\"@id\":\"https:\\\/\\\/career-mainfranken.com\\\/fr\\\/actualites-entreprises\\\/le-president-de-luniversite-de-wurtzbourg-paul-pauli-parmi-le-top-10-du-classement-des-recteurs\\\/\"},\"author\":{\"name\":\"PraktikantIn\",\"@id\":\"https:\\\/\\\/career-mainfranken.com\\\/fr\\\/#\\\/schema\\\/person\\\/c1d302b12ae437350620eb4775f00ecd\"},\"headline\":\"Le pr\u00e9sident de l&rsquo;universit\u00e9 de Wurtzbourg Paul Pauli parmi le top 10 du classement des recteurs\",\"datePublished\":\"2026-03-03T09:52:17+00:00\",\"dateModified\":\"2026-03-04T07:07:20+00:00\",\"mainEntityOfPage\":{\"@id\":\"https:\\\/\\\/career-mainfranken.com\\\/fr\\\/actualites-entreprises\\\/le-president-de-luniversite-de-wurtzbourg-paul-pauli-parmi-le-top-10-du-classement-des-recteurs\\\/\"},\"wordCount\":22,\"image\":{\"@id\":\"https:\\\/\\\/career-mainfranken.com\\\/fr\\\/actualites-entreprises\\\/le-president-de-luniversite-de-wurtzbourg-paul-pauli-parmi-le-top-10-du-classement-des-recteurs\\\/#primaryimage\"},\"thumbnailUrl\":\"https:\\\/\\\/career-mainfranken.com\\\/wp-content\\\/uploads\\\/Rektorenranking-Paul-Pauli.jpg\",\"articleSection\":[\"Actualit\u00e9s Entreprises\"],\"inLanguage\":\"fr-FR\"},{\"@type\":\"WebPage\",\"@id\":\"https:\\\/\\\/career-mainfranken.com\\\/fr\\\/actualites-entreprises\\\/le-president-de-luniversite-de-wurtzbourg-paul-pauli-parmi-le-top-10-du-classement-des-recteurs\\\/\",\"url\":\"https:\\\/\\\/career-mainfranken.com\\\/fr\\\/actualites-entreprises\\\/le-president-de-luniversite-de-wurtzbourg-paul-pauli-parmi-le-top-10-du-classement-des-recteurs\\\/\",\"name\":\"Le pr\u00e9sident de l'universit\u00e9 de Wurtzbourg Paul Pauli parmi le top 10 du classement des recteurs - Region Mainfranken\",\"isPartOf\":{\"@id\":\"https:\\\/\\\/career-mainfranken.com\\\/fr\\\/#website\"},\"primaryImageOfPage\":{\"@id\":\"https:\\\/\\\/career-mainfranken.com\\\/fr\\\/actualites-entreprises\\\/le-president-de-luniversite-de-wurtzbourg-paul-pauli-parmi-le-top-10-du-classement-des-recteurs\\\/#primaryimage\"},\"image\":{\"@id\":\"https:\\\/\\\/career-mainfranken.com\\\/fr\\\/actualites-entreprises\\\/le-president-de-luniversite-de-wurtzbourg-paul-pauli-parmi-le-top-10-du-classement-des-recteurs\\\/#primaryimage\"},\"thumbnailUrl\":\"https:\\\/\\\/career-mainfranken.com\\\/wp-content\\\/uploads\\\/Rektorenranking-Paul-Pauli.jpg\",\"datePublished\":\"2026-03-03T09:52:17+00:00\",\"dateModified\":\"2026-03-04T07:07:20+00:00\",\"author\":{\"@id\":\"https:\\\/\\\/career-mainfranken.com\\\/fr\\\/#\\\/schema\\\/person\\\/c1d302b12ae437350620eb4775f00ecd\"},\"breadcrumb\":{\"@id\":\"https:\\\/\\\/career-mainfranken.com\\\/fr\\\/actualites-entreprises\\\/le-president-de-luniversite-de-wurtzbourg-paul-pauli-parmi-le-top-10-du-classement-des-recteurs\\\/#breadcrumb\"},\"inLanguage\":\"fr-FR\",\"potentialAction\":[{\"@type\":\"ReadAction\",\"target\":[\"https:\\\/\\\/career-mainfranken.com\\\/fr\\\/actualites-entreprises\\\/le-president-de-luniversite-de-wurtzbourg-paul-pauli-parmi-le-top-10-du-classement-des-recteurs\\\/\"]}]},{\"@type\":\"ImageObject\",\"inLanguage\":\"fr-FR\",\"@id\":\"https:\\\/\\\/career-mainfranken.com\\\/fr\\\/actualites-entreprises\\\/le-president-de-luniversite-de-wurtzbourg-paul-pauli-parmi-le-top-10-du-classement-des-recteurs\\\/#primaryimage\",\"url\":\"https:\\\/\\\/career-mainfranken.com\\\/wp-content\\\/uploads\\\/Rektorenranking-Paul-Pauli.jpg\",\"contentUrl\":\"https:\\\/\\\/career-mainfranken.com\\\/wp-content\\\/uploads\\\/Rektorenranking-Paul-Pauli.jpg\",\"width\":2500,\"height\":1667,\"caption\":\"Prof. Dr. Paul Pauli, Pr\u00e9sident de l'Universit\u00e9 Julius-Maximilians de W\u00fcrzburg\"},{\"@type\":\"BreadcrumbList\",\"@id\":\"https:\\\/\\\/career-mainfranken.com\\\/fr\\\/actualites-entreprises\\\/le-president-de-luniversite-de-wurtzbourg-paul-pauli-parmi-le-top-10-du-classement-des-recteurs\\\/#breadcrumb\",\"itemListElement\":[{\"@type\":\"ListItem\",\"position\":1,\"name\":\"Page d'accueil\",\"item\":\"https:\\\/\\\/career-mainfranken.com\\\/fr\\\/page-daccueil\\\/\"},{\"@type\":\"ListItem\",\"position\":2,\"name\":\"Le pr\u00e9sident de l&#8217;universit\u00e9 de Wurtzbourg Paul Pauli parmi le top 10 du classement des recteurs\"}]},{\"@type\":\"WebSite\",\"@id\":\"https:\\\/\\\/career-mainfranken.com\\\/fr\\\/#website\",\"url\":\"https:\\\/\\\/career-mainfranken.com\\\/fr\\\/\",\"name\":\"Region Mainfranken\",\"description\":\"\",\"potentialAction\":[{\"@type\":\"SearchAction\",\"target\":{\"@type\":\"EntryPoint\",\"urlTemplate\":\"https:\\\/\\\/career-mainfranken.com\\\/fr\\\/?s={search_term_string}\"},\"query-input\":{\"@type\":\"PropertyValueSpecification\",\"valueRequired\":true,\"valueName\":\"search_term_string\"}}],\"inLanguage\":\"fr-FR\"},{\"@type\":\"Person\",\"@id\":\"https:\\\/\\\/career-mainfranken.com\\\/fr\\\/#\\\/schema\\\/person\\\/c1d302b12ae437350620eb4775f00ecd\",\"name\":\"PraktikantIn\",\"image\":{\"@type\":\"ImageObject\",\"inLanguage\":\"fr-FR\",\"@id\":\"https:\\\/\\\/secure.gravatar.com\\\/avatar\\\/d3afd10da2779b1ec30e3de543cb4d3831acaaaf06f6e0e04450c6b1b961a653?s=96&d=mm&r=g\",\"url\":\"https:\\\/\\\/secure.gravatar.com\\\/avatar\\\/d3afd10da2779b1ec30e3de543cb4d3831acaaaf06f6e0e04450c6b1b961a653?s=96&d=mm&r=g\",\"contentUrl\":\"https:\\\/\\\/secure.gravatar.com\\\/avatar\\\/d3afd10da2779b1ec30e3de543cb4d3831acaaaf06f6e0e04450c6b1b961a653?s=96&d=mm&r=g\",\"caption\":\"PraktikantIn\"},\"url\":\"https:\\\/\\\/career-mainfranken.com\\\/fr\\\/author\\\/praktikantin\\\/\"}]}<\/script>\n<!-- \/ Yoast SEO plugin. -->","yoast_head_json":{"title":"Le pr\u00e9sident de l'universit\u00e9 de Wurtzbourg Paul Pauli parmi le top 10 du classement des recteurs - Region Mainfranken","robots":{"index":"index","follow":"follow","max-snippet":"max-snippet:-1","max-image-preview":"max-image-preview:large","max-video-preview":"max-video-preview:-1"},"canonical":"https:\/\/career-mainfranken.com\/fr\/actualites-entreprises\/le-president-de-luniversite-de-wurtzbourg-paul-pauli-parmi-le-top-10-du-classement-des-recteurs\/","og_locale":"fr_FR","og_type":"article","og_title":"Le pr\u00e9sident de l'universit\u00e9 de Wurtzbourg Paul Pauli parmi le top 10 du classement des recteurs - Region Mainfranken","og_description":"03.03.2026 Cr\u00e9dit photo : Jonas Blank","og_url":"https:\/\/career-mainfranken.com\/fr\/actualites-entreprises\/le-president-de-luniversite-de-wurtzbourg-paul-pauli-parmi-le-top-10-du-classement-des-recteurs\/","og_site_name":"Region Mainfranken","article_published_time":"2026-03-03T09:52:17+00:00","article_modified_time":"2026-03-04T07:07:20+00:00","og_image":[{"width":2500,"height":1667,"url":"https:\/\/career-mainfranken.com\/wp-content\/uploads\/Rektorenranking-Paul-Pauli.jpg","type":"image\/jpeg"}],"author":"PraktikantIn","twitter_card":"summary_large_image","twitter_misc":{"\u00c9crit par":"PraktikantIn"},"schema":{"@context":"https:\/\/schema.org","@graph":[{"@type":"Article","@id":"https:\/\/career-mainfranken.com\/fr\/actualites-entreprises\/le-president-de-luniversite-de-wurtzbourg-paul-pauli-parmi-le-top-10-du-classement-des-recteurs\/#article","isPartOf":{"@id":"https:\/\/career-mainfranken.com\/fr\/actualites-entreprises\/le-president-de-luniversite-de-wurtzbourg-paul-pauli-parmi-le-top-10-du-classement-des-recteurs\/"},"author":{"name":"PraktikantIn","@id":"https:\/\/career-mainfranken.com\/fr\/#\/schema\/person\/c1d302b12ae437350620eb4775f00ecd"},"headline":"Le pr\u00e9sident de l&rsquo;universit\u00e9 de Wurtzbourg Paul Pauli parmi le top 10 du classement des recteurs","datePublished":"2026-03-03T09:52:17+00:00","dateModified":"2026-03-04T07:07:20+00:00","mainEntityOfPage":{"@id":"https:\/\/career-mainfranken.com\/fr\/actualites-entreprises\/le-president-de-luniversite-de-wurtzbourg-paul-pauli-parmi-le-top-10-du-classement-des-recteurs\/"},"wordCount":22,"image":{"@id":"https:\/\/career-mainfranken.com\/fr\/actualites-entreprises\/le-president-de-luniversite-de-wurtzbourg-paul-pauli-parmi-le-top-10-du-classement-des-recteurs\/#primaryimage"},"thumbnailUrl":"https:\/\/career-mainfranken.com\/wp-content\/uploads\/Rektorenranking-Paul-Pauli.jpg","articleSection":["Actualit\u00e9s Entreprises"],"inLanguage":"fr-FR"},{"@type":"WebPage","@id":"https:\/\/career-mainfranken.com\/fr\/actualites-entreprises\/le-president-de-luniversite-de-wurtzbourg-paul-pauli-parmi-le-top-10-du-classement-des-recteurs\/","url":"https:\/\/career-mainfranken.com\/fr\/actualites-entreprises\/le-president-de-luniversite-de-wurtzbourg-paul-pauli-parmi-le-top-10-du-classement-des-recteurs\/","name":"Le pr\u00e9sident de l'universit\u00e9 de Wurtzbourg Paul Pauli parmi le top 10 du classement des recteurs - Region Mainfranken","isPartOf":{"@id":"https:\/\/career-mainfranken.com\/fr\/#website"},"primaryImageOfPage":{"@id":"https:\/\/career-mainfranken.com\/fr\/actualites-entreprises\/le-president-de-luniversite-de-wurtzbourg-paul-pauli-parmi-le-top-10-du-classement-des-recteurs\/#primaryimage"},"image":{"@id":"https:\/\/career-mainfranken.com\/fr\/actualites-entreprises\/le-president-de-luniversite-de-wurtzbourg-paul-pauli-parmi-le-top-10-du-classement-des-recteurs\/#primaryimage"},"thumbnailUrl":"https:\/\/career-mainfranken.com\/wp-content\/uploads\/Rektorenranking-Paul-Pauli.jpg","datePublished":"2026-03-03T09:52:17+00:00","dateModified":"2026-03-04T07:07:20+00:00","author":{"@id":"https:\/\/career-mainfranken.com\/fr\/#\/schema\/person\/c1d302b12ae437350620eb4775f00ecd"},"breadcrumb":{"@id":"https:\/\/career-mainfranken.com\/fr\/actualites-entreprises\/le-president-de-luniversite-de-wurtzbourg-paul-pauli-parmi-le-top-10-du-classement-des-recteurs\/#breadcrumb"},"inLanguage":"fr-FR","potentialAction":[{"@type":"ReadAction","target":["https:\/\/career-mainfranken.com\/fr\/actualites-entreprises\/le-president-de-luniversite-de-wurtzbourg-paul-pauli-parmi-le-top-10-du-classement-des-recteurs\/"]}]},{"@type":"ImageObject","inLanguage":"fr-FR","@id":"https:\/\/career-mainfranken.com\/fr\/actualites-entreprises\/le-president-de-luniversite-de-wurtzbourg-paul-pauli-parmi-le-top-10-du-classement-des-recteurs\/#primaryimage","url":"https:\/\/career-mainfranken.com\/wp-content\/uploads\/Rektorenranking-Paul-Pauli.jpg","contentUrl":"https:\/\/career-mainfranken.com\/wp-content\/uploads\/Rektorenranking-Paul-Pauli.jpg","width":2500,"height":1667,"caption":"Prof. Dr. Paul Pauli, Pr\u00e9sident de l'Universit\u00e9 Julius-Maximilians de W\u00fcrzburg"},{"@type":"BreadcrumbList","@id":"https:\/\/career-mainfranken.com\/fr\/actualites-entreprises\/le-president-de-luniversite-de-wurtzbourg-paul-pauli-parmi-le-top-10-du-classement-des-recteurs\/#breadcrumb","itemListElement":[{"@type":"ListItem","position":1,"name":"Page d'accueil","item":"https:\/\/career-mainfranken.com\/fr\/page-daccueil\/"},{"@type":"ListItem","position":2,"name":"Le pr\u00e9sident de l&#8217;universit\u00e9 de Wurtzbourg Paul Pauli parmi le top 10 du classement des recteurs"}]},{"@type":"WebSite","@id":"https:\/\/career-mainfranken.com\/fr\/#website","url":"https:\/\/career-mainfranken.com\/fr\/","name":"Region Mainfranken","description":"","potentialAction":[{"@type":"SearchAction","target":{"@type":"EntryPoint","urlTemplate":"https:\/\/career-mainfranken.com\/fr\/?s={search_term_string}"},"query-input":{"@type":"PropertyValueSpecification","valueRequired":true,"valueName":"search_term_string"}}],"inLanguage":"fr-FR"},{"@type":"Person","@id":"https:\/\/career-mainfranken.com\/fr\/#\/schema\/person\/c1d302b12ae437350620eb4775f00ecd","name":"PraktikantIn","image":{"@type":"ImageObject","inLanguage":"fr-FR","@id":"https:\/\/secure.gravatar.com\/avatar\/d3afd10da2779b1ec30e3de543cb4d3831acaaaf06f6e0e04450c6b1b961a653?s=96&d=mm&r=g","url":"https:\/\/secure.gravatar.com\/avatar\/d3afd10da2779b1ec30e3de543cb4d3831acaaaf06f6e0e04450c6b1b961a653?s=96&d=mm&r=g","contentUrl":"https:\/\/secure.gravatar.com\/avatar\/d3afd10da2779b1ec30e3de543cb4d3831acaaaf06f6e0e04450c6b1b961a653?s=96&d=mm&r=g","caption":"PraktikantIn"},"url":"https:\/\/career-mainfranken.com\/fr\/author\/praktikantin\/"}]}},"_links":{"self":[{"href":"https:\/\/career-mainfranken.com\/fr\/wp-json\/wp\/v2\/posts\/14815","targetHints":{"allow":["GET"]}}],"collection":[{"href":"https:\/\/career-mainfranken.com\/fr\/wp-json\/wp\/v2\/posts"}],"about":[{"href":"https:\/\/career-mainfranken.com\/fr\/wp-json\/wp\/v2\/types\/post"}],"author":[{"embeddable":true,"href":"https:\/\/career-mainfranken.com\/fr\/wp-json\/wp\/v2\/users\/12"}],"replies":[{"embeddable":true,"href":"https:\/\/career-mainfranken.com\/fr\/wp-json\/wp\/v2\/comments?post=14815"}],"version-history":[{"count":0,"href":"https:\/\/career-mainfranken.com\/fr\/wp-json\/wp\/v2\/posts\/14815\/revisions"}],"wp:featuredmedia":[{"embeddable":true,"href":"https:\/\/career-mainfranken.com\/fr\/wp-json\/wp\/v2\/media\/14828"}],"wp:attachment":[{"href":"https:\/\/career-mainfranken.com\/fr\/wp-json\/wp\/v2\/media?parent=14815"}],"wp:term":[{"taxonomy":"category","embeddable":true,"href":"https:\/\/career-mainfranken.com\/fr\/wp-json\/wp\/v2\/categories?post=14815"},{"taxonomy":"post_tag","embeddable":true,"href":"https:\/\/career-mainfranken.com\/fr\/wp-json\/wp\/v2\/tags?post=14815"}],"curies":[{"name":"wp","href":"https:\/\/api.w.org\/{rel}","templated":true}]}}