{"id":4020,"date":"2025-02-24T10:40:57","date_gmt":"2025-02-24T09:40:57","guid":{"rendered":"https:\/\/career-mainfranken.com\/sin-categoria\/mentes-creativas-premiadas-ceremonia-de-entrega-de-premios-jugend-forscht-en-bad-kissingen\/"},"modified":"2025-08-14T09:08:13","modified_gmt":"2025-08-14T07:08:13","slug":"mentes-creativas-premiadas-ceremonia-de-entrega-de-premios-jugend-forscht-en-bad-kissingen","status":"publish","type":"post","link":"https:\/\/career-mainfranken.com\/es\/noticias-eventos\/mentes-creativas-premiadas-ceremonia-de-entrega-de-premios-jugend-forscht-en-bad-kissingen\/","title":{"rendered":"Mentes creativas premiadas: Ceremonia de entrega de premios Jugend forscht en Bad Kissingen"},"content":{"rendered":"<div class=\"fusion-fullwidth fullwidth-box fusion-builder-row-1 fusion-flex-container has-pattern-background has-mask-background nonhundred-percent-fullwidth non-hundred-percent-height-scrolling blog_inhalt\" style=\"--awb-border-radius-top-left:0px;--awb-border-radius-top-right:0px;--awb-border-radius-bottom-right:0px;--awb-border-radius-bottom-left:0px;--awb-padding-right:0px;--awb-padding-left:0px;--awb-flex-wrap:wrap;\" ><div class=\"fusion-builder-row fusion-row fusion-flex-align-items-flex-start fusion-flex-content-wrap\" style=\"max-width:1664px;margin-left: calc(-4% \/ 2 );margin-right: calc(-4% \/ 2 );\"><div class=\"fusion-layout-column fusion_builder_column fusion-builder-column-0 fusion_builder_column_1_1 1_1 fusion-flex-column\" style=\"--awb-bg-size:cover;--awb-width-large:100%;--awb-margin-top-large:0px;--awb-spacing-right-large:1.92%;--awb-margin-bottom-large:0px;--awb-spacing-left-large:1.92%;--awb-width-medium:100%;--awb-spacing-right-medium:1.92%;--awb-spacing-left-medium:1.92%;--awb-width-small:100%;--awb-spacing-right-small:1.92%;--awb-spacing-left-small:1.92%;\"><div class=\"fusion-column-wrapper fusion-flex-justify-content-flex-start fusion-content-layout-column\"><div class=\"fusion-text fusion-text-1\"><p>Una gran expectaci\u00f3n rein\u00f3 en la solemne ceremonia de entrega de premios del 41\u00ba concurso regional \u201cJugend forscht\u201d de Baja Franconia en Bad Kissingen. La Region Mainfranken GmbH invit\u00f3 a m\u00e1s de 400 invitados al evento de clausura del certamen de dos d\u00edas el pasado viernes por la tarde en la Wandelhalle del Regentenbau. <\/p>\n<p>El Landrat Thomas Bold, en su funci\u00f3n de accionista de Region Mainfranken GmbH, junto con Bettina Gardenne, directora general de Region Mainfranken GmbH, el Dr. Robert Christoph, delegado ministerial para los institutos de ense\u00f1anza secundaria de Baja Franconia, y Heiko Br\u00fcckner, del Gobierno de Baja Franconia, entregaron los diplomas a los orgullosos galardonados.<\/p>\n<p>Bettina Gardenne destac\u00f3 en su discurso la importancia del concurso para el fomento de los j\u00f3venes talentos en la regi\u00f3n y agradeci\u00f3 a la ciudad de Bad Kissingen su excelente apoyo in situ. Este a\u00f1o, el concurso tambi\u00e9n pudo contar con el generoso patrocinio de numerosas empresas e instituciones. Entre los patrocinadores se encontraban Gl\u00f6ckle Holding GmbH, HESCURO, la C\u00e1mara de Industria y Comercio de W\u00fcrzburg-Schweinfurt, Labor LS SE &amp; Co. KG, Schaeffler Technologies AG &amp; Co. KG, la Asociaci\u00f3n Regional de Cajas de Ahorro de Baja Franconia, la VDI, Bavaria Yachtbau GmbH, Fr\u00e4nkische, IFSYS Integrated Feeding Systems GmbH, Pickel &amp; Partner mbB, Va-Q-Tec, ZF Friedrichshafen, Oswald y VR Bank Genossenschaft.  <\/p>\n<p>El modo de competici\u00f3n distingue dos categor\u00edas de edad: \u201cJugend forscht Junior\u201d para alumnos a partir de 4\u00ba curso y \u201cJugend forscht\u201d para j\u00f3venes entre 15 y 21 a\u00f1os. Las siete \u00e1reas tem\u00e1ticas abarcan mundo laboral, biolog\u00eda, qu\u00edmica, ciencias de la tierra y del espacio, matem\u00e1ticas\/inform\u00e1tica, f\u00edsica y tecnolog\u00eda. Un jurado compuesto por representantes de escuelas, universidades y empresas evalu\u00f3 los proyectos presentados seg\u00fan criterios de contenido, concepto y dise\u00f1o. Los j\u00f3venes investigadores presentaron sus trabajos en stands de exposici\u00f3n dise\u00f1ados especialmente y ofrecieron interesantes perspectivas de sus resultados de investigaci\u00f3n.   <\/p>\n<p>Alexander Pabst, director del concurso regional, destac\u00f3 la importancia del comprometido apoyo de los directores de los centros escolares, los profesores supervisores y el jurado. Su compromiso voluntario es una parte esencial de \u201cJugend forscht\u201d y un incentivo decisivo para que los alumnos se enfrenten a cuestiones cient\u00edficas. <\/p>\n<p>Los siguientes proyectos fueron galardonados por el jurado como ganadores y se han clasificado para los concursos estatales \u201cJugend forscht\u201d y \u201cJugend forscht Junior\u201d:<\/p>\n<p><strong>JUGEND FORSCHT JUNIOR: <\/strong><\/p>\n<ul>\n<li><strong>Mundo laboral: <\/strong>AI MediCheck \u2013 Reconocimiento de pastillas con IA<br \/>\nAnton Krumbholz, Seidel-Gymnasium H\u00f6sbach<\/li>\n<li><strong>Biolog\u00eda: <\/strong>El Palacio del Polinizador \u2013 la nueva colmena<br \/>\nMirijam Staskiewitz, Hanns-Seidel-Gymnasium H\u00f6sbach<\/li>\n<li><strong>Qu\u00edmica: <\/strong>Investigaci\u00f3n del proceso de retrogradaci\u00f3n<br \/>\nYannick Arnold, Hanns-Seidel-Gymnasium H\u00f6sbach<\/li>\n<li><strong>Tecnolog\u00eda:<\/strong> Robot extintor autom\u00e1tico<br \/>\nElias Hans, Y\u00fcej\u00fcn Wang, Karl-Theodor-von-Dalberg-Gymnasium<\/li>\n<li><strong>F\u00edsica:<\/strong> \u00bfPor qu\u00e9 no se congela el oso polar? \u2013 Aislamiento t\u00e9rmico al estilo del oso polar<br \/>\nLeander Mohadjer, Constantin Reuter, Karl-Theodor-von-Dalberg-Gymnasium <\/li>\n<li><strong>Matem\u00e1ticas:<\/strong> Determinaci\u00f3n del volumen de un escutoide<br \/>\nMaximilian Sch\u00e4fer, Friedrich-Dessauer-Gymnasium<\/li>\n<\/ul>\n<p><strong>JUGEND FORSCHT: <\/strong><\/p>\n<ul>\n<li><strong>Mundo laboral: <\/strong>Bicicleta solar para el camino escolar 3.0<br \/>\nClara Hoppach, Riemenschneider-Gymnasium W\u00fcrzburg<\/li>\n<li><strong>Biolog\u00eda: <\/strong>Inmunohistolog\u00eda (IHC) para la subdiferenciaci\u00f3n de tumores en erizos africanos de vientre blanco<br \/>\nSophie N\u00f6th, Jack-Steinberger-Gymnasium<\/li>\n<li><strong>Qu\u00edmica: <\/strong>La revoluci\u00f3n suave en la tecnolog\u00eda m\u00e9dica: Una bater\u00eda comestible<br \/>\nElisabeth Fischermann, Tom Kre\u00dfbach, Julius-Echter-Gymnasium Elsenfeld<br \/>\nY<br \/>\nEco Electra \u2013 Energ\u00eda verde de las plantas<br \/>\nTimo Spatz, Sophie Slowik, Hanns-Seidel-Gymnasium H\u00f6sbach<\/li>\n<li><strong>Ciencias de la Tierra y del Espacio:<\/strong> La b\u00fasqueda de vida extraterrestre en dos exoplanetas<strong><br \/>\n<\/strong>Letizia Albert, Natalie Nieten, Dominik Freitag, Jack-Steinberger-Gymnasium<\/li>\n<li><strong>Tecnolog\u00eda:<\/strong> Escalar como \u201cSpider-Man\u201d \u2013 \u00bfes realmente posible?<br \/>\nVincent Weigl, Kronberg-Gymnasium<\/li>\n<\/ul>\n<p>Otros participantes fueron galardonados con premios materiales por su compromiso.<\/p>\n<\/div><div class=\"fusion-text fusion-text-2\" style=\"--awb-margin-top:20px;\"><p><strong>IMAGEN 1: Fotograf\u00eda de grupo de los galardonados<\/strong><\/p>\n<p>Cr\u00e9dito de la imagen: Rudi Merkl<\/p>\n<\/div><div ><a class=\"fusion-button button-3d fusion-button-default-size button-default fusion-button-default button-1 fusion-button-default-span fusion-button-default-type\" target=\"_self\" href=\"https:\/\/career-mainfranken.com\/es\/noticias-eventos\/\"><span class=\"fusion-button-text awb-button__text awb-button__text--default\">A todas las entradas del blog<\/span><\/a><\/div><\/div><\/div><\/div><\/div>\n","protected":false},"excerpt":{"rendered":"","protected":false},"author":2,"featured_media":4021,"comment_status":"closed","ping_status":"closed","sticky":false,"template":"","format":"standard","meta":{"footnotes":"","_links_to":"","_links_to_target":""},"categories":[70],"tags":[],"class_list":["post-4020","post","type-post","status-publish","format-standard","has-post-thumbnail","hentry","category-noticias-eventos"],"yoast_head":"<!-- This site is optimized with the Yoast SEO plugin v27.5 - https:\/\/yoast.com\/product\/yoast-seo-wordpress\/ -->\n<title>Mentes creativas premiadas: Ceremonia de entrega de premios Jugend forscht en Bad Kissingen - Region Mainfranken<\/title>\n<meta name=\"robots\" content=\"index, follow, max-snippet:-1, max-image-preview:large, max-video-preview:-1\" \/>\n<link rel=\"canonical\" href=\"https:\/\/career-mainfranken.com\/es\/noticias-eventos\/mentes-creativas-premiadas-ceremonia-de-entrega-de-premios-jugend-forscht-en-bad-kissingen\/\" \/>\n<meta property=\"og:locale\" content=\"es_ES\" \/>\n<meta property=\"og:type\" content=\"article\" \/>\n<meta property=\"og:title\" content=\"Mentes creativas premiadas: Ceremonia de entrega de premios Jugend forscht en Bad Kissingen - Region Mainfranken\" \/>\n<meta property=\"og:url\" content=\"https:\/\/career-mainfranken.com\/es\/noticias-eventos\/mentes-creativas-premiadas-ceremonia-de-entrega-de-premios-jugend-forscht-en-bad-kissingen\/\" \/>\n<meta property=\"og:site_name\" content=\"Region Mainfranken\" \/>\n<meta property=\"article:published_time\" content=\"2025-02-24T09:40:57+00:00\" \/>\n<meta property=\"article:modified_time\" content=\"2025-08-14T07:08:13+00:00\" \/>\n<meta property=\"og:image\" content=\"https:\/\/career-mainfranken.com\/wp-content\/uploads\/PM_Jugend_forscht_Unterfranken_Preistraeger_innen-scaled.jpg\" \/>\n\t<meta property=\"og:image:width\" content=\"2560\" \/>\n\t<meta property=\"og:image:height\" content=\"1707\" \/>\n\t<meta property=\"og:image:type\" content=\"image\/jpeg\" \/>\n<meta name=\"author\" content=\"Leon Gottschling\" \/>\n<meta name=\"twitter:card\" content=\"summary_large_image\" \/>\n<meta name=\"twitter:label1\" content=\"Escrito por\" \/>\n\t<meta name=\"twitter:data1\" content=\"Leon Gottschling\" \/>\n\t<meta name=\"twitter:label2\" content=\"Tiempo de lectura\" \/>\n\t<meta name=\"twitter:data2\" content=\"8 minutos\" \/>\n<script type=\"application\/ld+json\" class=\"yoast-schema-graph\">{\"@context\":\"https:\\\/\\\/schema.org\",\"@graph\":[{\"@type\":\"Article\",\"@id\":\"https:\\\/\\\/career-mainfranken.com\\\/es\\\/noticias-eventos\\\/mentes-creativas-premiadas-ceremonia-de-entrega-de-premios-jugend-forscht-en-bad-kissingen\\\/#article\",\"isPartOf\":{\"@id\":\"https:\\\/\\\/career-mainfranken.com\\\/es\\\/noticias-eventos\\\/mentes-creativas-premiadas-ceremonia-de-entrega-de-premios-jugend-forscht-en-bad-kissingen\\\/\"},\"author\":{\"name\":\"Leon Gottschling\",\"@id\":\"https:\\\/\\\/career-mainfranken.com\\\/es\\\/#\\\/schema\\\/person\\\/15a1a5bdfaa67bd0956ce94b8b251311\"},\"headline\":\"Mentes creativas premiadas: Ceremonia de entrega de premios Jugend forscht en Bad Kissingen\",\"datePublished\":\"2025-02-24T09:40:57+00:00\",\"dateModified\":\"2025-08-14T07:08:13+00:00\",\"mainEntityOfPage\":{\"@id\":\"https:\\\/\\\/career-mainfranken.com\\\/es\\\/noticias-eventos\\\/mentes-creativas-premiadas-ceremonia-de-entrega-de-premios-jugend-forscht-en-bad-kissingen\\\/\"},\"wordCount\":1640,\"image\":{\"@id\":\"https:\\\/\\\/career-mainfranken.com\\\/es\\\/noticias-eventos\\\/mentes-creativas-premiadas-ceremonia-de-entrega-de-premios-jugend-forscht-en-bad-kissingen\\\/#primaryimage\"},\"thumbnailUrl\":\"https:\\\/\\\/career-mainfranken.com\\\/wp-content\\\/uploads\\\/PM_Jugend_forscht_Unterfranken_Preistraeger_innen-scaled.jpg\",\"articleSection\":[\"Noticias Eventos\"],\"inLanguage\":\"es\"},{\"@type\":\"WebPage\",\"@id\":\"https:\\\/\\\/career-mainfranken.com\\\/es\\\/noticias-eventos\\\/mentes-creativas-premiadas-ceremonia-de-entrega-de-premios-jugend-forscht-en-bad-kissingen\\\/\",\"url\":\"https:\\\/\\\/career-mainfranken.com\\\/es\\\/noticias-eventos\\\/mentes-creativas-premiadas-ceremonia-de-entrega-de-premios-jugend-forscht-en-bad-kissingen\\\/\",\"name\":\"Mentes creativas premiadas: Ceremonia de entrega de premios Jugend forscht en Bad Kissingen - Region Mainfranken\",\"isPartOf\":{\"@id\":\"https:\\\/\\\/career-mainfranken.com\\\/es\\\/#website\"},\"primaryImageOfPage\":{\"@id\":\"https:\\\/\\\/career-mainfranken.com\\\/es\\\/noticias-eventos\\\/mentes-creativas-premiadas-ceremonia-de-entrega-de-premios-jugend-forscht-en-bad-kissingen\\\/#primaryimage\"},\"image\":{\"@id\":\"https:\\\/\\\/career-mainfranken.com\\\/es\\\/noticias-eventos\\\/mentes-creativas-premiadas-ceremonia-de-entrega-de-premios-jugend-forscht-en-bad-kissingen\\\/#primaryimage\"},\"thumbnailUrl\":\"https:\\\/\\\/career-mainfranken.com\\\/wp-content\\\/uploads\\\/PM_Jugend_forscht_Unterfranken_Preistraeger_innen-scaled.jpg\",\"datePublished\":\"2025-02-24T09:40:57+00:00\",\"dateModified\":\"2025-08-14T07:08:13+00:00\",\"author\":{\"@id\":\"https:\\\/\\\/career-mainfranken.com\\\/es\\\/#\\\/schema\\\/person\\\/15a1a5bdfaa67bd0956ce94b8b251311\"},\"breadcrumb\":{\"@id\":\"https:\\\/\\\/career-mainfranken.com\\\/es\\\/noticias-eventos\\\/mentes-creativas-premiadas-ceremonia-de-entrega-de-premios-jugend-forscht-en-bad-kissingen\\\/#breadcrumb\"},\"inLanguage\":\"es\",\"potentialAction\":[{\"@type\":\"ReadAction\",\"target\":[\"https:\\\/\\\/career-mainfranken.com\\\/es\\\/noticias-eventos\\\/mentes-creativas-premiadas-ceremonia-de-entrega-de-premios-jugend-forscht-en-bad-kissingen\\\/\"]}]},{\"@type\":\"ImageObject\",\"inLanguage\":\"es\",\"@id\":\"https:\\\/\\\/career-mainfranken.com\\\/es\\\/noticias-eventos\\\/mentes-creativas-premiadas-ceremonia-de-entrega-de-premios-jugend-forscht-en-bad-kissingen\\\/#primaryimage\",\"url\":\"https:\\\/\\\/career-mainfranken.com\\\/wp-content\\\/uploads\\\/PM_Jugend_forscht_Unterfranken_Preistraeger_innen-scaled.jpg\",\"contentUrl\":\"https:\\\/\\\/career-mainfranken.com\\\/wp-content\\\/uploads\\\/PM_Jugend_forscht_Unterfranken_Preistraeger_innen-scaled.jpg\",\"width\":2560,\"height\":1707},{\"@type\":\"BreadcrumbList\",\"@id\":\"https:\\\/\\\/career-mainfranken.com\\\/es\\\/noticias-eventos\\\/mentes-creativas-premiadas-ceremonia-de-entrega-de-premios-jugend-forscht-en-bad-kissingen\\\/#breadcrumb\",\"itemListElement\":[{\"@type\":\"ListItem\",\"position\":1,\"name\":\"P\u00e1gina principal\",\"item\":\"https:\\\/\\\/career-mainfranken.com\\\/es\\\/pagina-principal\\\/\"},{\"@type\":\"ListItem\",\"position\":2,\"name\":\"Mentes creativas premiadas: Ceremonia de entrega de premios Jugend forscht en Bad Kissingen\"}]},{\"@type\":\"WebSite\",\"@id\":\"https:\\\/\\\/career-mainfranken.com\\\/es\\\/#website\",\"url\":\"https:\\\/\\\/career-mainfranken.com\\\/es\\\/\",\"name\":\"Region Mainfranken\",\"description\":\"\",\"potentialAction\":[{\"@type\":\"SearchAction\",\"target\":{\"@type\":\"EntryPoint\",\"urlTemplate\":\"https:\\\/\\\/career-mainfranken.com\\\/es\\\/?s={search_term_string}\"},\"query-input\":{\"@type\":\"PropertyValueSpecification\",\"valueRequired\":true,\"valueName\":\"search_term_string\"}}],\"inLanguage\":\"es\"},{\"@type\":\"Person\",\"@id\":\"https:\\\/\\\/career-mainfranken.com\\\/es\\\/#\\\/schema\\\/person\\\/15a1a5bdfaa67bd0956ce94b8b251311\",\"name\":\"Leon Gottschling\",\"image\":{\"@type\":\"ImageObject\",\"inLanguage\":\"es\",\"@id\":\"https:\\\/\\\/secure.gravatar.com\\\/avatar\\\/2cf06c21bb6c900695d5f792ef22a2230e55394ad3a4ab22953311192573b570?s=96&d=mm&r=g\",\"url\":\"https:\\\/\\\/secure.gravatar.com\\\/avatar\\\/2cf06c21bb6c900695d5f792ef22a2230e55394ad3a4ab22953311192573b570?s=96&d=mm&r=g\",\"contentUrl\":\"https:\\\/\\\/secure.gravatar.com\\\/avatar\\\/2cf06c21bb6c900695d5f792ef22a2230e55394ad3a4ab22953311192573b570?s=96&d=mm&r=g\",\"caption\":\"Leon Gottschling\"},\"url\":\"https:\\\/\\\/career-mainfranken.com\\\/es\\\/author\\\/lgottschling\\\/\"}]}<\/script>\n<!-- \/ Yoast SEO plugin. -->","yoast_head_json":{"title":"Mentes creativas premiadas: Ceremonia de entrega de premios Jugend forscht en Bad Kissingen - Region Mainfranken","robots":{"index":"index","follow":"follow","max-snippet":"max-snippet:-1","max-image-preview":"max-image-preview:large","max-video-preview":"max-video-preview:-1"},"canonical":"https:\/\/career-mainfranken.com\/es\/noticias-eventos\/mentes-creativas-premiadas-ceremonia-de-entrega-de-premios-jugend-forscht-en-bad-kissingen\/","og_locale":"es_ES","og_type":"article","og_title":"Mentes creativas premiadas: Ceremonia de entrega de premios Jugend forscht en Bad Kissingen - Region Mainfranken","og_url":"https:\/\/career-mainfranken.com\/es\/noticias-eventos\/mentes-creativas-premiadas-ceremonia-de-entrega-de-premios-jugend-forscht-en-bad-kissingen\/","og_site_name":"Region Mainfranken","article_published_time":"2025-02-24T09:40:57+00:00","article_modified_time":"2025-08-14T07:08:13+00:00","og_image":[{"width":2560,"height":1707,"url":"https:\/\/career-mainfranken.com\/wp-content\/uploads\/PM_Jugend_forscht_Unterfranken_Preistraeger_innen-scaled.jpg","type":"image\/jpeg"}],"author":"Leon Gottschling","twitter_card":"summary_large_image","twitter_misc":{"Escrito por":"Leon Gottschling","Tiempo de lectura":"8 minutos"},"schema":{"@context":"https:\/\/schema.org","@graph":[{"@type":"Article","@id":"https:\/\/career-mainfranken.com\/es\/noticias-eventos\/mentes-creativas-premiadas-ceremonia-de-entrega-de-premios-jugend-forscht-en-bad-kissingen\/#article","isPartOf":{"@id":"https:\/\/career-mainfranken.com\/es\/noticias-eventos\/mentes-creativas-premiadas-ceremonia-de-entrega-de-premios-jugend-forscht-en-bad-kissingen\/"},"author":{"name":"Leon Gottschling","@id":"https:\/\/career-mainfranken.com\/es\/#\/schema\/person\/15a1a5bdfaa67bd0956ce94b8b251311"},"headline":"Mentes creativas premiadas: Ceremonia de entrega de premios Jugend forscht en Bad Kissingen","datePublished":"2025-02-24T09:40:57+00:00","dateModified":"2025-08-14T07:08:13+00:00","mainEntityOfPage":{"@id":"https:\/\/career-mainfranken.com\/es\/noticias-eventos\/mentes-creativas-premiadas-ceremonia-de-entrega-de-premios-jugend-forscht-en-bad-kissingen\/"},"wordCount":1640,"image":{"@id":"https:\/\/career-mainfranken.com\/es\/noticias-eventos\/mentes-creativas-premiadas-ceremonia-de-entrega-de-premios-jugend-forscht-en-bad-kissingen\/#primaryimage"},"thumbnailUrl":"https:\/\/career-mainfranken.com\/wp-content\/uploads\/PM_Jugend_forscht_Unterfranken_Preistraeger_innen-scaled.jpg","articleSection":["Noticias Eventos"],"inLanguage":"es"},{"@type":"WebPage","@id":"https:\/\/career-mainfranken.com\/es\/noticias-eventos\/mentes-creativas-premiadas-ceremonia-de-entrega-de-premios-jugend-forscht-en-bad-kissingen\/","url":"https:\/\/career-mainfranken.com\/es\/noticias-eventos\/mentes-creativas-premiadas-ceremonia-de-entrega-de-premios-jugend-forscht-en-bad-kissingen\/","name":"Mentes creativas premiadas: Ceremonia de entrega de premios Jugend forscht en Bad Kissingen - Region Mainfranken","isPartOf":{"@id":"https:\/\/career-mainfranken.com\/es\/#website"},"primaryImageOfPage":{"@id":"https:\/\/career-mainfranken.com\/es\/noticias-eventos\/mentes-creativas-premiadas-ceremonia-de-entrega-de-premios-jugend-forscht-en-bad-kissingen\/#primaryimage"},"image":{"@id":"https:\/\/career-mainfranken.com\/es\/noticias-eventos\/mentes-creativas-premiadas-ceremonia-de-entrega-de-premios-jugend-forscht-en-bad-kissingen\/#primaryimage"},"thumbnailUrl":"https:\/\/career-mainfranken.com\/wp-content\/uploads\/PM_Jugend_forscht_Unterfranken_Preistraeger_innen-scaled.jpg","datePublished":"2025-02-24T09:40:57+00:00","dateModified":"2025-08-14T07:08:13+00:00","author":{"@id":"https:\/\/career-mainfranken.com\/es\/#\/schema\/person\/15a1a5bdfaa67bd0956ce94b8b251311"},"breadcrumb":{"@id":"https:\/\/career-mainfranken.com\/es\/noticias-eventos\/mentes-creativas-premiadas-ceremonia-de-entrega-de-premios-jugend-forscht-en-bad-kissingen\/#breadcrumb"},"inLanguage":"es","potentialAction":[{"@type":"ReadAction","target":["https:\/\/career-mainfranken.com\/es\/noticias-eventos\/mentes-creativas-premiadas-ceremonia-de-entrega-de-premios-jugend-forscht-en-bad-kissingen\/"]}]},{"@type":"ImageObject","inLanguage":"es","@id":"https:\/\/career-mainfranken.com\/es\/noticias-eventos\/mentes-creativas-premiadas-ceremonia-de-entrega-de-premios-jugend-forscht-en-bad-kissingen\/#primaryimage","url":"https:\/\/career-mainfranken.com\/wp-content\/uploads\/PM_Jugend_forscht_Unterfranken_Preistraeger_innen-scaled.jpg","contentUrl":"https:\/\/career-mainfranken.com\/wp-content\/uploads\/PM_Jugend_forscht_Unterfranken_Preistraeger_innen-scaled.jpg","width":2560,"height":1707},{"@type":"BreadcrumbList","@id":"https:\/\/career-mainfranken.com\/es\/noticias-eventos\/mentes-creativas-premiadas-ceremonia-de-entrega-de-premios-jugend-forscht-en-bad-kissingen\/#breadcrumb","itemListElement":[{"@type":"ListItem","position":1,"name":"P\u00e1gina principal","item":"https:\/\/career-mainfranken.com\/es\/pagina-principal\/"},{"@type":"ListItem","position":2,"name":"Mentes creativas premiadas: Ceremonia de entrega de premios Jugend forscht en Bad Kissingen"}]},{"@type":"WebSite","@id":"https:\/\/career-mainfranken.com\/es\/#website","url":"https:\/\/career-mainfranken.com\/es\/","name":"Region Mainfranken","description":"","potentialAction":[{"@type":"SearchAction","target":{"@type":"EntryPoint","urlTemplate":"https:\/\/career-mainfranken.com\/es\/?s={search_term_string}"},"query-input":{"@type":"PropertyValueSpecification","valueRequired":true,"valueName":"search_term_string"}}],"inLanguage":"es"},{"@type":"Person","@id":"https:\/\/career-mainfranken.com\/es\/#\/schema\/person\/15a1a5bdfaa67bd0956ce94b8b251311","name":"Leon Gottschling","image":{"@type":"ImageObject","inLanguage":"es","@id":"https:\/\/secure.gravatar.com\/avatar\/2cf06c21bb6c900695d5f792ef22a2230e55394ad3a4ab22953311192573b570?s=96&d=mm&r=g","url":"https:\/\/secure.gravatar.com\/avatar\/2cf06c21bb6c900695d5f792ef22a2230e55394ad3a4ab22953311192573b570?s=96&d=mm&r=g","contentUrl":"https:\/\/secure.gravatar.com\/avatar\/2cf06c21bb6c900695d5f792ef22a2230e55394ad3a4ab22953311192573b570?s=96&d=mm&r=g","caption":"Leon Gottschling"},"url":"https:\/\/career-mainfranken.com\/es\/author\/lgottschling\/"}]}},"_links":{"self":[{"href":"https:\/\/career-mainfranken.com\/es\/wp-json\/wp\/v2\/posts\/4020","targetHints":{"allow":["GET"]}}],"collection":[{"href":"https:\/\/career-mainfranken.com\/es\/wp-json\/wp\/v2\/posts"}],"about":[{"href":"https:\/\/career-mainfranken.com\/es\/wp-json\/wp\/v2\/types\/post"}],"author":[{"embeddable":true,"href":"https:\/\/career-mainfranken.com\/es\/wp-json\/wp\/v2\/users\/2"}],"replies":[{"embeddable":true,"href":"https:\/\/career-mainfranken.com\/es\/wp-json\/wp\/v2\/comments?post=4020"}],"version-history":[{"count":0,"href":"https:\/\/career-mainfranken.com\/es\/wp-json\/wp\/v2\/posts\/4020\/revisions"}],"wp:featuredmedia":[{"embeddable":true,"href":"https:\/\/career-mainfranken.com\/es\/wp-json\/wp\/v2\/media\/4021"}],"wp:attachment":[{"href":"https:\/\/career-mainfranken.com\/es\/wp-json\/wp\/v2\/media?parent=4020"}],"wp:term":[{"taxonomy":"category","embeddable":true,"href":"https:\/\/career-mainfranken.com\/es\/wp-json\/wp\/v2\/categories?post=4020"},{"taxonomy":"post_tag","embeddable":true,"href":"https:\/\/career-mainfranken.com\/es\/wp-json\/wp\/v2\/tags?post=4020"}],"curies":[{"name":"wp","href":"https:\/\/api.w.org\/{rel}","templated":true}]}}