{"id":25302,"date":"2026-09-02T13:54:35","date_gmt":"2026-09-02T11:54:35","guid":{"rendered":"https:\/\/career-mainfranken.com\/sin-categoria\/mercadillos-de-otono-en-la-region-de-mainfranken\/"},"modified":"2026-09-02T14:34:59","modified_gmt":"2026-09-02T12:34:59","slug":"mercadillos-de-otono-en-la-region-de-mainfranken","status":"publish","type":"post","link":"https:\/\/career-mainfranken.com\/es\/noticias-eventos\/mercadillos-de-otono-en-la-region-de-mainfranken\/","title":{"rendered":"Mercadillos de oto\u00f1o en la regi\u00f3n de Mainfranken"},"content":{"rendered":"<div class=\"fusion-fullwidth fullwidth-box fusion-builder-row-1 fusion-flex-container has-pattern-background has-mask-background nonhundred-percent-fullwidth non-hundred-percent-height-scrolling blog_inhalt\" style=\"--awb-border-radius-top-left:0px;--awb-border-radius-top-right:0px;--awb-border-radius-bottom-right:0px;--awb-border-radius-bottom-left:0px;--awb-padding-right:0px;--awb-padding-left:0px;--awb-flex-wrap:wrap;\" ><div class=\"fusion-builder-row fusion-row fusion-flex-align-items-flex-start fusion-flex-content-wrap\" style=\"max-width:1664px;margin-left: calc(-4% \/ 2 );margin-right: calc(-4% \/ 2 );\"><div class=\"fusion-layout-column fusion_builder_column fusion-builder-column-0 fusion_builder_column_1_1 1_1 fusion-flex-column\" style=\"--awb-bg-size:cover;--awb-width-large:100%;--awb-margin-top-large:0px;--awb-spacing-right-large:1.92%;--awb-margin-bottom-large:0px;--awb-spacing-left-large:1.92%;--awb-width-medium:100%;--awb-spacing-right-medium:1.92%;--awb-spacing-left-medium:1.92%;--awb-width-small:100%;--awb-spacing-right-small:1.92%;--awb-spacing-left-small:1.92%;\"><div class=\"fusion-column-wrapper fusion-flex-justify-content-flex-start fusion-content-layout-column\"><div class=\"fusion-text fusion-text-1\"><h3>Rebusca, curiosea y encuentra tesoros antiguos<\/h3>\n<p>\u00bfDiscos antiguos, libros de segunda mano o tu pr\u00f3xima prenda de vestir? Una visita al mercadillo es siempre una buena actividad de ocio para descubrir cosas \u00abnuevas\u00bb y ampliar tu armario. <\/p>\n<p>Ya sea un gran mercadillo de segunda mano, un peque\u00f1o mercadillo de pueblo o una visita al mercadillo combinada con un paseo por la ciudad, hemos recopilado para ti los mercadillos m\u00e1s bonitos de la regi\u00f3n.<\/p>\n<p><strong>Mercadillo en los prados del Meno de W\u00fcrzburg, ciudad de W\u00fcrzburg<\/strong><\/p>\n<p>Curiosea directamente a orillas del Meno y quiz\u00e1s descubras tu pr\u00f3ximo hallazgo favorito: con numerosos puestos, el <a href=\"https:\/\/www.wuerzburg.de\/events-termine\/volksfeste\/403005.Flohmarkttermine.html\" target=\"_blank\" rel=\"noopener\">mercadillo en los prados del Meno<\/a> en la ciudad de W\u00fcrzburg es una de las citas m\u00e1s conocidas de mercadillos en la regi\u00f3n. Desde ropa y libros hasta decoraci\u00f3n, art\u00edculos para el hogar y peque\u00f1as rarezas, aqu\u00ed hay mucho por descubrir. <\/p>\n<p><strong>\u00bfCu\u00e1ndo?<\/strong> 19 de septiembre de 2026, de 6:00 a 16:00<br \/>\n<strong>\u00bfD\u00f3nde?<\/strong> Prados del Meno, Mainaustra\u00dfe, 97082 W\u00fcrzburg<\/p>\n<p><strong>Mercadillo de pueblo en G\u00fcntersleben, distrito de W\u00fcrzburg<\/strong><\/p>\n<p>Todo un pueblo se convierte en mercadillo: en el <a href=\"https:\/\/www.guentersleben.de\/veranstaltungen\/veranstaltung\/dorf-flohmarkt\/2026-09-27?cHash=592754c8828d54a94f9e38e1a74b89b6\" target=\"_blank\" rel=\"noopener\">mercadillo de pueblo de G\u00fcntersleben<\/a>, patios, garajes y entradas se convierten en el escenario de la acci\u00f3n. Mientras paseas por el pueblo, puedes ir de puesto en puesto y, de paso, descubrir G\u00fcntersleben. <\/p>\n<p><strong>\u00bfCu\u00e1ndo?<\/strong> 27 de septiembre de 2026<br \/>\n<strong>\u00bfD\u00f3nde?<\/strong> G\u00fcntersleben<\/p>\n<p><strong>Mercadillo en la plaza del festival, ciudad de Schweinfurt<\/strong><\/p>\n<p>Si te gusta rebuscar a fondo, el mercadillo de la plaza del festival de Schweinfurt es el lugar adecuado. En este gran mercadillo de segunda mano y antig\u00fcedades, seguro que encuentras uno u otro tesoro entre objetos cotidianos usados, ropa y art\u00edculos de colecci\u00f3n. <\/p>\n<p><strong>\u00bfCu\u00e1ndo? <\/strong>26 de septiembre de 2026, de 8:00 a 15:00<br \/>\n<strong>\u00bfD\u00f3nde? <\/strong>Volksfestplatz, Am Volksfestplatz 1, 97421 Schweinfurt<\/p>\n<p><strong>Mercadillo en la Fiesta de Oto\u00f1o de Gerolzhofen, distrito de Schweinfurt<\/strong><\/p>\n<p>Mercadillo y fiesta de oto\u00f1o en uno: en el centro peatonal de Gerolzhofen puedes pasear por el <a href=\"https:\/\/www.gerolzhofen.de\/herbstfest.html\" target=\"_blank\" rel=\"noopener\">mercadillo<\/a> y luego combinar tu visita con la Fiesta de Oto\u00f1o y un paseo por las tiendas. Una bonita ocasi\u00f3n para un relajado domingo de oto\u00f1o en el casco antiguo. <\/p>\n<p><strong>\u00bfCu\u00e1ndo?<\/strong> 11 de octubre de 2026, a partir de las 10:00<br \/>\n<strong>\u00bfD\u00f3nde? <\/strong>Centro, Gerolzhofen<\/p>\n<p><strong>Rebusca y curiosea en el distrito de Kitzingen<\/strong><\/p>\n<p>Tambi\u00e9n en Kitzingen hay oportunidad de rebuscar en oto\u00f1o. El <a href=\"https:\/\/meine-flohmarkt-termine.de\/flohmarkt-grossparkplatz-edeka-kautzmann-kitzingen\/23690664\/details\" target=\"_blank\" rel=\"noopener\">mercadillo<\/a> se celebra en el gran aparcamiento de EDEKA Kautzmann; parte de la superficie de venta est\u00e1 incluso cubierta. Si te gusta buscar gangas y hallazgos especiales de forma cl\u00e1sica entre muchos puestos, puedes apuntar la fecha.  <\/p>\n<p><strong>\u00bfCu\u00e1ndo?<\/strong> 4 de octubre de 2026, a partir de las 10:00<br \/>\n<strong>\u00bfD\u00f3nde?<\/strong> EDEKA Kautzmann, Marktbreiter Stra\u00dfe 1, 97318 Kitzingen<\/p>\n<p><strong>Mercadillo de segunda mano en la orilla del Meno de Lohr, distrito de Main-Spessart<\/strong><\/p>\n<p>Primero curiosea, luego pasea por el Meno: el <a href=\"https:\/\/www.lohr.de\/tourismus-und-kultur\/planen-buchen\/veranstaltungen\/veranstaltungskalender\/details\/2026-09-06_0000\/default-bc273b9a29deaf788e5c4b9b0a7f7f5d-4\" target=\"_blank\" rel=\"noopener\">mercadillo de segunda mano de Lohr<\/a> no solo destaca por sus antig\u00fcedades, ropa, libros, decoraci\u00f3n y curiosidades, sino tambi\u00e9n por su ubicaci\u00f3n en la orilla del Meno. En septiembre tienes dos oportunidades para visitarlo. <\/p>\n<p><strong>\u00bfCu\u00e1ndo?<\/strong> 6 y 19 de septiembre de 2026<br \/>\n<strong>\u00bfD\u00f3nde?<\/strong> Mainl\u00e4nde, Osttangente (aparcamiento Ost), 97816 Lohr a. Main<\/p>\n<p><strong>Mercadillo en el Michaelismarkt de Hammelburg, distrito de Bad Kissingen<\/strong><\/p>\n<p>En el <a href=\"https:\/\/www.frankens-saalestueck.de\/veranstaltungen-suche\/michaelsmarkt-hammelburg-mit-verkaufsoffenem-sonntag\" target=\"_blank\" rel=\"noopener\">Michaelismarkt de Hammelburg<\/a>, la b\u00fasqueda de gangas se puede combinar maravillosamente con un paseo por la ciudad. Alrededor de las calles comerciales y la plaza del mercado te espera un variado programa con mercadillo, artesan\u00eda, especialidades regionales y programa infantil. El domingo, adem\u00e1s, las tiendas abren sus puertas.  <\/p>\n<p><strong>\u00bfCu\u00e1ndo? <\/strong>26 y 27 de septiembre de 2026, de 11:00 a 18:00 cada d\u00eda<br \/>\n<strong>\u00bfD\u00f3nde? <\/strong>Centro, Hammelburg<\/p>\n<p><strong>Mercadillo en Bad Neustadt, distrito de Rh\u00f6n-Grabfeld<\/strong><\/p>\n<p>\u00bfMal tiempo? No hay raz\u00f3n para renunciar a la ronda de mercadillos. El <a href=\"https:\/\/meine-flohmarkt-termine.de\/neu-flohmarkt-parkplatzgelande-kaufland-bad-neustadt-an-der-saale-neu\/23801289\/details\" target=\"_blank\" rel=\"noopener\">mercadillo de Kaufland en Bad Neustadt a. d. Saale<\/a> est\u00e1 cubierto en un 80 por ciento y es adecuado para una visita incluso si el final del verano no se muestra en su mejor momento.  <\/p>\n<p><strong>\u00bfCu\u00e1ndo?<\/strong> 13 de septiembre de 2026, de 6:00 a 15:00<br \/>\n<strong>\u00bfD\u00f3nde?<\/strong> Kaufland, Meininger Stra\u00dfe 10, 97616 Bad Neustadt a. d. Saale<\/p>\n<p><strong>Mercadillo de patio en Oberschweppach, distrito de Ha\u00dfberge<\/strong><\/p>\n<p>Un mercadillo que involucra a todo el pueblo: en Oberschwappach, numerosos hogares abren sus patios, puertas y entradas a los visitantes del mercadillo. De 10:00 a 16:00 puedes pasear por el pueblo, curiosear en los diferentes puestos y descubrir uno u otro hallazgo especial. <\/p>\n<p><strong>\u00bfCu\u00e1ndo?<\/strong> 20 de septiembre de 2026, de 10:00 a 16:00<br \/>\n<strong>\u00bfD\u00f3nde?<\/strong> Oberschwappach, municipio de Knetzgau<\/p>\n<p><strong>\u00a1Listos, preparados, a curiosear!<\/strong><\/p>\n<p>Desde el gran cl\u00e1sico en los prados del Meno de W\u00fcrzburg, pasando por el mercadillo de la Fiesta de Oto\u00f1o de Gerolzhofen, hasta el mercadillo de segunda mano directamente a orillas del Meno en Lohr: en Mainfranken hay en el final del verano y en oto\u00f1o varias oportunidades para dar un segundo hogar a objetos usados, y con un poco de suerte, descubrir una verdadera pieza favorita.<\/p>\n<p>As\u00ed que: \u00a1prepara tu bolsa de tela, lleva algo de calderilla y a rebuscar!<\/p>\n<p><strong>Nuestro consejo:<\/strong> Las fechas, horarios y lugares de los eventos pueden cambiar con poca antelaci\u00f3n. Por lo tanto, es mejor que te informes directamente con el organizador correspondiente sobre el estado actual antes de tu visita. <\/p>\n<p><em>*publicidad no remunerada por menci\u00f3n<\/em><\/p>\n<\/div><div ><a class=\"fusion-button button-3d fusion-button-default-size button-default fusion-button-default button-1 fusion-button-default-span fusion-button-default-type\" target=\"_self\" href=\"https:\/\/career-mainfranken.com\/es\/noticias-eventos\/\"><span class=\"fusion-button-text awb-button__text awb-button__text--default\">A todas las entradas del blog<\/span><\/a><\/div><\/div><\/div><\/div><\/div>\n","protected":false},"excerpt":{"rendered":"","protected":false},"author":12,"featured_media":25666,"comment_status":"closed","ping_status":"closed","sticky":false,"template":"","format":"standard","meta":{"footnotes":"","_links_to":"","_links_to_target":""},"categories":[70],"tags":[],"class_list":["post-25302","post","type-post","status-publish","format-standard","has-post-thumbnail","hentry","category-noticias-eventos"],"yoast_head":"<!-- This site is optimized with the Yoast SEO plugin v28.4 - https:\/\/yoast.com\/product\/yoast-seo-wordpress\/ -->\n<title>Mercadillos de oto\u00f1o en la Region Mainfranken<\/title>\n<meta name=\"description\" content=\"Rebusca, curiosea y encuentra tesoros antiguos: los mercadillos de la regi\u00f3n de Mainfranken te invitan a quedarte en un hermoso d\u00eda de oto\u00f1o.\" \/>\n<meta name=\"robots\" content=\"index, follow, max-snippet:-1, max-image-preview:large, max-video-preview:-1\" \/>\n<link rel=\"canonical\" href=\"https:\/\/career-mainfranken.com\/es\/noticias-eventos\/mercadillos-de-otono-en-la-region-de-mainfranken\/\" \/>\n<meta property=\"og:locale\" content=\"es_ES\" \/>\n<meta property=\"og:type\" content=\"article\" \/>\n<meta property=\"og:title\" content=\"Mercadillos de oto\u00f1o en la Region Mainfranken\" \/>\n<meta property=\"og:description\" content=\"Rebusca, curiosea y encuentra tesoros antiguos: los mercadillos de la regi\u00f3n de Mainfranken te invitan a quedarte en un hermoso d\u00eda de oto\u00f1o.\" \/>\n<meta property=\"og:url\" content=\"https:\/\/career-mainfranken.com\/es\/noticias-eventos\/mercadillos-de-otono-en-la-region-de-mainfranken\/\" \/>\n<meta property=\"og:site_name\" content=\"Region Mainfranken\" \/>\n<meta property=\"article:published_time\" content=\"2026-09-02T11:54:35+00:00\" \/>\n<meta property=\"article:modified_time\" content=\"2026-09-02T12:34:59+00:00\" \/>\n<meta property=\"og:image\" content=\"https:\/\/career-mainfranken.com\/wp-content\/uploads\/flohmarkt-bild-1024x819.png\" \/>\n\t<meta property=\"og:image:width\" content=\"1024\" \/>\n\t<meta property=\"og:image:height\" content=\"819\" \/>\n\t<meta property=\"og:image:type\" content=\"image\/png\" \/>\n<meta name=\"author\" content=\"PraktikantIn\" \/>\n<meta name=\"twitter:card\" content=\"summary_large_image\" \/>\n<meta name=\"twitter:label1\" content=\"Escrito por\" \/>\n\t<meta name=\"twitter:data1\" content=\"PraktikantIn\" \/>\n\t<meta name=\"twitter:label2\" content=\"Tiempo de lectura\" \/>\n\t<meta name=\"twitter:data2\" content=\"9 minutos\" \/>\n<script type=\"application\/ld+json\" class=\"yoast-schema-graph\">{\"@context\":\"https:\\\/\\\/schema.org\",\"@graph\":[{\"@type\":\"Article\",\"@id\":\"https:\\\/\\\/career-mainfranken.com\\\/es\\\/noticias-eventos\\\/mercadillos-de-otono-en-la-region-de-mainfranken\\\/#article\",\"isPartOf\":{\"@id\":\"https:\\\/\\\/career-mainfranken.com\\\/es\\\/noticias-eventos\\\/mercadillos-de-otono-en-la-region-de-mainfranken\\\/\"},\"author\":{\"name\":\"PraktikantIn\",\"@id\":\"https:\\\/\\\/career-mainfranken.com\\\/es\\\/#\\\/schema\\\/person\\\/c1d302b12ae437350620eb4775f00ecd\"},\"headline\":\"Mercadillos de oto\u00f1o en la regi\u00f3n de Mainfranken\",\"datePublished\":\"2026-09-02T11:54:35+00:00\",\"dateModified\":\"2026-09-02T12:34:59+00:00\",\"mainEntityOfPage\":{\"@id\":\"https:\\\/\\\/career-mainfranken.com\\\/es\\\/noticias-eventos\\\/mercadillos-de-otono-en-la-region-de-mainfranken\\\/\"},\"wordCount\":1801,\"publisher\":{\"@id\":\"https:\\\/\\\/career-mainfranken.com\\\/es\\\/#organization\"},\"image\":{\"@id\":\"https:\\\/\\\/career-mainfranken.com\\\/es\\\/noticias-eventos\\\/mercadillos-de-otono-en-la-region-de-mainfranken\\\/#primaryimage\"},\"thumbnailUrl\":\"https:\\\/\\\/career-mainfranken.com\\\/wp-content\\\/uploads\\\/flohmarkt-bild.png\",\"articleSection\":[\"Noticias Eventos\"],\"inLanguage\":\"es\"},{\"@type\":\"WebPage\",\"@id\":\"https:\\\/\\\/career-mainfranken.com\\\/es\\\/noticias-eventos\\\/mercadillos-de-otono-en-la-region-de-mainfranken\\\/\",\"url\":\"https:\\\/\\\/career-mainfranken.com\\\/es\\\/noticias-eventos\\\/mercadillos-de-otono-en-la-region-de-mainfranken\\\/\",\"name\":\"Mercadillos de oto\u00f1o en la Region Mainfranken\",\"isPartOf\":{\"@id\":\"https:\\\/\\\/career-mainfranken.com\\\/es\\\/#website\"},\"primaryImageOfPage\":{\"@id\":\"https:\\\/\\\/career-mainfranken.com\\\/es\\\/noticias-eventos\\\/mercadillos-de-otono-en-la-region-de-mainfranken\\\/#primaryimage\"},\"image\":{\"@id\":\"https:\\\/\\\/career-mainfranken.com\\\/es\\\/noticias-eventos\\\/mercadillos-de-otono-en-la-region-de-mainfranken\\\/#primaryimage\"},\"thumbnailUrl\":\"https:\\\/\\\/career-mainfranken.com\\\/wp-content\\\/uploads\\\/flohmarkt-bild.png\",\"datePublished\":\"2026-09-02T11:54:35+00:00\",\"dateModified\":\"2026-09-02T12:34:59+00:00\",\"description\":\"Rebusca, curiosea y encuentra tesoros antiguos: los mercadillos de la regi\u00f3n de Mainfranken te invitan a quedarte en un hermoso d\u00eda de oto\u00f1o.\",\"breadcrumb\":{\"@id\":\"https:\\\/\\\/career-mainfranken.com\\\/es\\\/noticias-eventos\\\/mercadillos-de-otono-en-la-region-de-mainfranken\\\/#breadcrumb\"},\"inLanguage\":\"es\",\"potentialAction\":[{\"@type\":\"ReadAction\",\"target\":[\"https:\\\/\\\/career-mainfranken.com\\\/es\\\/noticias-eventos\\\/mercadillos-de-otono-en-la-region-de-mainfranken\\\/\"]}]},{\"@type\":\"ImageObject\",\"inLanguage\":\"es\",\"@id\":\"https:\\\/\\\/career-mainfranken.com\\\/es\\\/noticias-eventos\\\/mercadillos-de-otono-en-la-region-de-mainfranken\\\/#primaryimage\",\"url\":\"https:\\\/\\\/career-mainfranken.com\\\/wp-content\\\/uploads\\\/flohmarkt-bild.png\",\"contentUrl\":\"https:\\\/\\\/career-mainfranken.com\\\/wp-content\\\/uploads\\\/flohmarkt-bild.png\",\"width\":1350,\"height\":1080},{\"@type\":\"BreadcrumbList\",\"@id\":\"https:\\\/\\\/career-mainfranken.com\\\/es\\\/noticias-eventos\\\/mercadillos-de-otono-en-la-region-de-mainfranken\\\/#breadcrumb\",\"itemListElement\":[{\"@type\":\"ListItem\",\"position\":1,\"name\":\"P\u00e1gina principal\",\"item\":\"https:\\\/\\\/career-mainfranken.com\\\/es\\\/\"},{\"@type\":\"ListItem\",\"position\":2,\"name\":\"Mercadillos de oto\u00f1o en la regi\u00f3n de Mainfranken\"}]},{\"@type\":\"WebSite\",\"@id\":\"https:\\\/\\\/career-mainfranken.com\\\/es\\\/#website\",\"url\":\"https:\\\/\\\/career-mainfranken.com\\\/es\\\/\",\"name\":\"Region Mainfranken GmbH\",\"description\":\"\",\"publisher\":{\"@id\":\"https:\\\/\\\/career-mainfranken.com\\\/es\\\/#organization\"},\"alternateName\":\"Region Mainfranken\",\"potentialAction\":[{\"@type\":\"SearchAction\",\"target\":{\"@type\":\"EntryPoint\",\"urlTemplate\":\"https:\\\/\\\/career-mainfranken.com\\\/es\\\/?s={search_term_string}\"},\"query-input\":{\"@type\":\"PropertyValueSpecification\",\"valueRequired\":true,\"valueName\":\"search_term_string\"}}],\"inLanguage\":\"es\"},{\"@type\":\"Organization\",\"@id\":\"https:\\\/\\\/career-mainfranken.com\\\/es\\\/#organization\",\"name\":\"Region Mainfranken GmbH\",\"alternateName\":\"Mainfranken work & live\",\"url\":\"https:\\\/\\\/career-mainfranken.com\\\/es\\\/\",\"logo\":{\"@type\":\"ImageObject\",\"inLanguage\":\"es\",\"@id\":\"https:\\\/\\\/career-mainfranken.com\\\/es\\\/#\\\/schema\\\/logo\\\/image\\\/\",\"url\":\"https:\\\/\\\/career-mainfranken.com\\\/wp-content\\\/uploads\\\/Region-Mainfranken_worklive_Version-1.png\",\"contentUrl\":\"https:\\\/\\\/career-mainfranken.com\\\/wp-content\\\/uploads\\\/Region-Mainfranken_worklive_Version-1.png\",\"width\":1142,\"height\":542,\"caption\":\"Region Mainfranken GmbH\"},\"image\":{\"@id\":\"https:\\\/\\\/career-mainfranken.com\\\/es\\\/#\\\/schema\\\/logo\\\/image\\\/\"},\"sameAs\":[\"https:\\\/\\\/www.instagram.com\\\/region_mainfranken\\\/\"]},{\"@type\":\"Person\",\"@id\":\"https:\\\/\\\/career-mainfranken.com\\\/es\\\/#\\\/schema\\\/person\\\/c1d302b12ae437350620eb4775f00ecd\",\"name\":\"PraktikantIn\",\"image\":{\"@type\":\"ImageObject\",\"inLanguage\":\"es\",\"@id\":\"https:\\\/\\\/secure.gravatar.com\\\/avatar\\\/d3afd10da2779b1ec30e3de543cb4d3831acaaaf06f6e0e04450c6b1b961a653?s=96&d=mm&r=g\",\"url\":\"https:\\\/\\\/secure.gravatar.com\\\/avatar\\\/d3afd10da2779b1ec30e3de543cb4d3831acaaaf06f6e0e04450c6b1b961a653?s=96&d=mm&r=g\",\"contentUrl\":\"https:\\\/\\\/secure.gravatar.com\\\/avatar\\\/d3afd10da2779b1ec30e3de543cb4d3831acaaaf06f6e0e04450c6b1b961a653?s=96&d=mm&r=g\",\"caption\":\"PraktikantIn\"},\"url\":\"https:\\\/\\\/career-mainfranken.com\\\/es\\\/author\\\/praktikantin\\\/\"}]}<\/script>\n<!-- \/ Yoast SEO plugin. -->","yoast_head_json":{"title":"Mercadillos de oto\u00f1o en la Region Mainfranken","description":"Rebusca, curiosea y encuentra tesoros antiguos: los mercadillos de la regi\u00f3n de Mainfranken te invitan a quedarte en un hermoso d\u00eda de oto\u00f1o.","robots":{"index":"index","follow":"follow","max-snippet":"max-snippet:-1","max-image-preview":"max-image-preview:large","max-video-preview":"max-video-preview:-1"},"canonical":"https:\/\/career-mainfranken.com\/es\/noticias-eventos\/mercadillos-de-otono-en-la-region-de-mainfranken\/","og_locale":"es_ES","og_type":"article","og_title":"Mercadillos de oto\u00f1o en la Region Mainfranken","og_description":"Rebusca, curiosea y encuentra tesoros antiguos: los mercadillos de la regi\u00f3n de Mainfranken te invitan a quedarte en un hermoso d\u00eda de oto\u00f1o.","og_url":"https:\/\/career-mainfranken.com\/es\/noticias-eventos\/mercadillos-de-otono-en-la-region-de-mainfranken\/","og_site_name":"Region Mainfranken","article_published_time":"2026-09-02T11:54:35+00:00","article_modified_time":"2026-09-02T12:34:59+00:00","og_image":[{"width":1024,"height":819,"url":"https:\/\/career-mainfranken.com\/wp-content\/uploads\/flohmarkt-bild-1024x819.png","type":"image\/png"}],"author":"PraktikantIn","twitter_card":"summary_large_image","twitter_misc":{"Escrito por":"PraktikantIn","Tiempo de lectura":"9 minutos"},"schema":{"@context":"https:\/\/schema.org","@graph":[{"@type":"Article","@id":"https:\/\/career-mainfranken.com\/es\/noticias-eventos\/mercadillos-de-otono-en-la-region-de-mainfranken\/#article","isPartOf":{"@id":"https:\/\/career-mainfranken.com\/es\/noticias-eventos\/mercadillos-de-otono-en-la-region-de-mainfranken\/"},"author":{"name":"PraktikantIn","@id":"https:\/\/career-mainfranken.com\/es\/#\/schema\/person\/c1d302b12ae437350620eb4775f00ecd"},"headline":"Mercadillos de oto\u00f1o en la regi\u00f3n de Mainfranken","datePublished":"2026-09-02T11:54:35+00:00","dateModified":"2026-09-02T12:34:59+00:00","mainEntityOfPage":{"@id":"https:\/\/career-mainfranken.com\/es\/noticias-eventos\/mercadillos-de-otono-en-la-region-de-mainfranken\/"},"wordCount":1801,"publisher":{"@id":"https:\/\/career-mainfranken.com\/es\/#organization"},"image":{"@id":"https:\/\/career-mainfranken.com\/es\/noticias-eventos\/mercadillos-de-otono-en-la-region-de-mainfranken\/#primaryimage"},"thumbnailUrl":"https:\/\/career-mainfranken.com\/wp-content\/uploads\/flohmarkt-bild.png","articleSection":["Noticias Eventos"],"inLanguage":"es"},{"@type":"WebPage","@id":"https:\/\/career-mainfranken.com\/es\/noticias-eventos\/mercadillos-de-otono-en-la-region-de-mainfranken\/","url":"https:\/\/career-mainfranken.com\/es\/noticias-eventos\/mercadillos-de-otono-en-la-region-de-mainfranken\/","name":"Mercadillos de oto\u00f1o en la Region Mainfranken","isPartOf":{"@id":"https:\/\/career-mainfranken.com\/es\/#website"},"primaryImageOfPage":{"@id":"https:\/\/career-mainfranken.com\/es\/noticias-eventos\/mercadillos-de-otono-en-la-region-de-mainfranken\/#primaryimage"},"image":{"@id":"https:\/\/career-mainfranken.com\/es\/noticias-eventos\/mercadillos-de-otono-en-la-region-de-mainfranken\/#primaryimage"},"thumbnailUrl":"https:\/\/career-mainfranken.com\/wp-content\/uploads\/flohmarkt-bild.png","datePublished":"2026-09-02T11:54:35+00:00","dateModified":"2026-09-02T12:34:59+00:00","description":"Rebusca, curiosea y encuentra tesoros antiguos: los mercadillos de la regi\u00f3n de Mainfranken te invitan a quedarte en un hermoso d\u00eda de oto\u00f1o.","breadcrumb":{"@id":"https:\/\/career-mainfranken.com\/es\/noticias-eventos\/mercadillos-de-otono-en-la-region-de-mainfranken\/#breadcrumb"},"inLanguage":"es","potentialAction":[{"@type":"ReadAction","target":["https:\/\/career-mainfranken.com\/es\/noticias-eventos\/mercadillos-de-otono-en-la-region-de-mainfranken\/"]}]},{"@type":"ImageObject","inLanguage":"es","@id":"https:\/\/career-mainfranken.com\/es\/noticias-eventos\/mercadillos-de-otono-en-la-region-de-mainfranken\/#primaryimage","url":"https:\/\/career-mainfranken.com\/wp-content\/uploads\/flohmarkt-bild.png","contentUrl":"https:\/\/career-mainfranken.com\/wp-content\/uploads\/flohmarkt-bild.png","width":1350,"height":1080},{"@type":"BreadcrumbList","@id":"https:\/\/career-mainfranken.com\/es\/noticias-eventos\/mercadillos-de-otono-en-la-region-de-mainfranken\/#breadcrumb","itemListElement":[{"@type":"ListItem","position":1,"name":"P\u00e1gina principal","item":"https:\/\/career-mainfranken.com\/es\/"},{"@type":"ListItem","position":2,"name":"Mercadillos de oto\u00f1o en la regi\u00f3n de Mainfranken"}]},{"@type":"WebSite","@id":"https:\/\/career-mainfranken.com\/es\/#website","url":"https:\/\/career-mainfranken.com\/es\/","name":"Region Mainfranken GmbH","description":"","publisher":{"@id":"https:\/\/career-mainfranken.com\/es\/#organization"},"alternateName":"Region Mainfranken","potentialAction":[{"@type":"SearchAction","target":{"@type":"EntryPoint","urlTemplate":"https:\/\/career-mainfranken.com\/es\/?s={search_term_string}"},"query-input":{"@type":"PropertyValueSpecification","valueRequired":true,"valueName":"search_term_string"}}],"inLanguage":"es"},{"@type":"Organization","@id":"https:\/\/career-mainfranken.com\/es\/#organization","name":"Region Mainfranken GmbH","alternateName":"Mainfranken work & live","url":"https:\/\/career-mainfranken.com\/es\/","logo":{"@type":"ImageObject","inLanguage":"es","@id":"https:\/\/career-mainfranken.com\/es\/#\/schema\/logo\/image\/","url":"https:\/\/career-mainfranken.com\/wp-content\/uploads\/Region-Mainfranken_worklive_Version-1.png","contentUrl":"https:\/\/career-mainfranken.com\/wp-content\/uploads\/Region-Mainfranken_worklive_Version-1.png","width":1142,"height":542,"caption":"Region Mainfranken GmbH"},"image":{"@id":"https:\/\/career-mainfranken.com\/es\/#\/schema\/logo\/image\/"},"sameAs":["https:\/\/www.instagram.com\/region_mainfranken\/"]},{"@type":"Person","@id":"https:\/\/career-mainfranken.com\/es\/#\/schema\/person\/c1d302b12ae437350620eb4775f00ecd","name":"PraktikantIn","image":{"@type":"ImageObject","inLanguage":"es","@id":"https:\/\/secure.gravatar.com\/avatar\/d3afd10da2779b1ec30e3de543cb4d3831acaaaf06f6e0e04450c6b1b961a653?s=96&d=mm&r=g","url":"https:\/\/secure.gravatar.com\/avatar\/d3afd10da2779b1ec30e3de543cb4d3831acaaaf06f6e0e04450c6b1b961a653?s=96&d=mm&r=g","contentUrl":"https:\/\/secure.gravatar.com\/avatar\/d3afd10da2779b1ec30e3de543cb4d3831acaaaf06f6e0e04450c6b1b961a653?s=96&d=mm&r=g","caption":"PraktikantIn"},"url":"https:\/\/career-mainfranken.com\/es\/author\/praktikantin\/"}]}},"_links":{"self":[{"href":"https:\/\/career-mainfranken.com\/es\/wp-json\/wp\/v2\/posts\/25302","targetHints":{"allow":["GET"]}}],"collection":[{"href":"https:\/\/career-mainfranken.com\/es\/wp-json\/wp\/v2\/posts"}],"about":[{"href":"https:\/\/career-mainfranken.com\/es\/wp-json\/wp\/v2\/types\/post"}],"author":[{"embeddable":true,"href":"https:\/\/career-mainfranken.com\/es\/wp-json\/wp\/v2\/users\/12"}],"replies":[{"embeddable":true,"href":"https:\/\/career-mainfranken.com\/es\/wp-json\/wp\/v2\/comments?post=25302"}],"version-history":[{"count":5,"href":"https:\/\/career-mainfranken.com\/es\/wp-json\/wp\/v2\/posts\/25302\/revisions"}],"predecessor-version":[{"id":25697,"href":"https:\/\/career-mainfranken.com\/es\/wp-json\/wp\/v2\/posts\/25302\/revisions\/25697"}],"wp:featuredmedia":[{"embeddable":true,"href":"https:\/\/career-mainfranken.com\/es\/wp-json\/wp\/v2\/media\/25666"}],"wp:attachment":[{"href":"https:\/\/career-mainfranken.com\/es\/wp-json\/wp\/v2\/media?parent=25302"}],"wp:term":[{"taxonomy":"category","embeddable":true,"href":"https:\/\/career-mainfranken.com\/es\/wp-json\/wp\/v2\/categories?post=25302"},{"taxonomy":"post_tag","embeddable":true,"href":"https:\/\/career-mainfranken.com\/es\/wp-json\/wp\/v2\/tags?post=25302"}],"curies":[{"name":"wp","href":"https:\/\/api.w.org\/{rel}","templated":true}]}}