{"id":16107,"date":"2026-04-30T12:58:50","date_gmt":"2026-04-30T10:58:50","guid":{"rendered":"https:\/\/career-mainfranken.com\/sin-categoria\/exitosa-jornada-informativa-sobre-profesionales-cualificados-internacionales-en-la-oficina-del-distrito-de-schweinfurt\/"},"modified":"2026-04-30T13:25:07","modified_gmt":"2026-04-30T11:25:07","slug":"exitosa-jornada-informativa-sobre-profesionales-cualificados-internacionales-en-la-oficina-del-distrito-de-schweinfurt","status":"publish","type":"post","link":"https:\/\/career-mainfranken.com\/es\/noticias-eventos\/exitosa-jornada-informativa-sobre-profesionales-cualificados-internacionales-en-la-oficina-del-distrito-de-schweinfurt\/","title":{"rendered":"Evento informativo exitoso sobre profesionales internacionales"},"content":{"rendered":"<div class=\"fusion-fullwidth fullwidth-box fusion-builder-row-1 fusion-flex-container has-pattern-background has-mask-background nonhundred-percent-fullwidth non-hundred-percent-height-scrolling blog_inhalt\" style=\"--awb-border-radius-top-left:0px;--awb-border-radius-top-right:0px;--awb-border-radius-bottom-right:0px;--awb-border-radius-bottom-left:0px;--awb-padding-right:0px;--awb-padding-left:0px;--awb-flex-wrap:wrap;\" ><div class=\"fusion-builder-row fusion-row fusion-flex-align-items-flex-start fusion-flex-content-wrap\" style=\"max-width:1664px;margin-left: calc(-4% \/ 2 );margin-right: calc(-4% \/ 2 );\"><div class=\"fusion-layout-column fusion_builder_column fusion-builder-column-0 fusion_builder_column_1_1 1_1 fusion-flex-column\" style=\"--awb-bg-size:cover;--awb-width-large:100%;--awb-margin-top-large:0px;--awb-spacing-right-large:1.92%;--awb-margin-bottom-large:0px;--awb-spacing-left-large:1.92%;--awb-width-medium:100%;--awb-spacing-right-medium:1.92%;--awb-spacing-left-medium:1.92%;--awb-width-small:100%;--awb-spacing-right-small:1.92%;--awb-spacing-left-small:1.92%;\"><div class=\"fusion-column-wrapper fusion-flex-justify-content-flex-start fusion-content-layout-column\"><div class=\"fusion-text fusion-text-1\"><p>Numerosos representantes de empresas de la regi\u00f3n aprovecharon ayer por la tarde la oportunidad de informarse a fondo en la Oficina del Distrito de Schweinfurt sobre la captaci\u00f3n, el reconocimiento y el apoyo a profesionales cualificados internacionales. El evento conjunto \u201cProfesionales cualificados internacionales: lo que las empresas deben saber\u201d fue organizado por el \u00e1rea de promoci\u00f3n econ\u00f3mica del distrito de Schweinfurt, la promoci\u00f3n econ\u00f3mica de la ciudad de Schweinfurt y Region Mainfranken GmbH. <\/p>\n<p>El evento se centr\u00f3 en informaci\u00f3n pr\u00e1ctica y ofertas de apoyo concretas para empresas que quieren hacer frente a la escasez de personal cualificado con soluciones internacionales.<\/p>\n<p>El evento fue inaugurado por el administrador del distrito, Florian T\u00f6pper, y el alcalde, Sebastian Remel\u00e9, quienes subrayaron la gran relevancia de los profesionales cualificados internacionales para el futuro econ\u00f3mico de la regi\u00f3n. Para el alcalde Remel\u00e9, el acto fue adem\u00e1s una de sus \u00faltimas apariciones p\u00fablicas oficiales en el cargo: un momento especial para la cooperaci\u00f3n regional. <\/p>\n<h2><strong>A continuaci\u00f3n, las personas asistentes recibieron informaci\u00f3n s\u00f3lida sobre \u00e1mbitos tem\u00e1ticos clave:<\/strong><\/h2>\n<ul>\n<li><u>Reconocimiento de cualificaciones profesionales extranjeras<br \/>\n<\/u>Petar Mi\u0161\u010devi\u0107, de la Oficina de Coordinaci\u00f3n y Asesoramiento para el Reconocimiento Profesional (KuBB), explic\u00f3 los procedimientos y las posibilidades de apoyo.<\/li>\n<li><u>Captaci\u00f3n de profesionales cualificados internacionales<\/u><br \/>\nKlaus Speckner, de la Oficina Central para la Inmigraci\u00f3n de Profesionales Cualificados (ZSEF), transmiti\u00f3 conocimientos concisos sobre procesos de inmigraci\u00f3n y condiciones marco.<\/li>\n<li><u>Opciones de financiaci\u00f3n para empresas<\/u><br \/>\nSandro H\u00f6hn y Janina Zieglmeier, de la Agencia de Empleo de Schweinfurt, informaron sobre programas de ayudas y apoyos pr\u00e1cticos.<\/li>\n<\/ul>\n<p>A continuaci\u00f3n, se produjo un intenso intercambio entre empresas, ponentes y organizadores. El animado debate mostr\u00f3 claramente el gran inter\u00e9s por soluciones pr\u00e1cticas para asegurar personal cualificado. En particular, el di\u00e1logo abierto y el networking posterior fueron percibidos por los asistentes como un gran valor a\u00f1adido.  <\/p>\n<h2><strong>Una fuerte se\u00f1al regional para asegurar personal cualificado<\/strong><\/h2>\n<p>Con este formato conjunto, la Oficina del Distrito de Schweinfurt, la ciudad de Schweinfurt y Region Mainfranken GmbH subrayaron su estrecha colaboraci\u00f3n para asegurar personal cualificado y su compromiso con estructuras econ\u00f3micas sostenibles en Mainfranken.<br \/>\nLa respuesta positiva de los participantes dej\u00f3 claro que los profesionales cualificados internacionales seguir\u00e1n siendo un tema clave de futuro para las empresas de la regi\u00f3n y que ofertas informativas conjuntas de este tipo aportan una contribuci\u00f3n importante.<\/p>\n<p><b>Cr\u00e9ditos de la imagen:  <\/b><\/p>\n<p>En caso de utilizar la fotograf\u00eda, le rogamos incluya la siguiente informaci\u00f3n:<\/p>\n<p><b>Pie de foto 1:<\/b> Detr\u00e1s, de izquierda a derecha: Klaus Speckner, Petar Miscevic, Sandro H\u00f6hn; en el centro, de izquierda a derecha: el alcalde Sebastian Remel\u00e9 y el presidente del distrito Florian T\u00f6pper, as\u00ed como Janina Zieglmeier (delante).<\/p>\n<p><b>Pie de foto 2:<\/b> Rebecca Weber (en el atril) condujo el programa de la tarde de ponencias \u201cProfesionales internacionales cualificados\u201d.<\/p>\n<p><strong>Fotos:<\/strong> Andreas L\u00f6sch\/lrasw<\/p>\n<\/div><div ><a class=\"fusion-button button-3d fusion-button-default-size button-default fusion-button-default button-1 fusion-button-default-span fusion-button-default-type\" target=\"_self\" href=\"https:\/\/career-mainfranken.com\/es\/noticias-eventos\/\"><span class=\"fusion-button-text awb-button__text awb-button__text--default\">A todas las entradas del blog<\/span><\/a><\/div><\/div><\/div><\/div><\/div>\n","protected":false},"excerpt":{"rendered":"","protected":false},"author":8,"featured_media":16109,"comment_status":"closed","ping_status":"closed","sticky":false,"template":"","format":"standard","meta":{"footnotes":"","_links_to":"","_links_to_target":""},"categories":[70],"tags":[],"class_list":["post-16107","post","type-post","status-publish","format-standard","has-post-thumbnail","hentry","category-noticias-eventos"],"yoast_head":"<!-- This site is optimized with the Yoast SEO plugin v27.5 - https:\/\/yoast.com\/product\/yoast-seo-wordpress\/ -->\n<title>Profesionales cualificados internacionales para empresas | Region Mainfranken GmbH | work &amp; live<\/title>\n<meta name=\"description\" content=\"Jornada informativa en la Oficina del Distrito de Schweinfurt: las empresas descubrieron c\u00f3mo atraer profesionales cualificados internacionales, reconocer cualificaciones y aprovechar ayudas.\" \/>\n<meta name=\"robots\" content=\"index, follow, max-snippet:-1, max-image-preview:large, max-video-preview:-1\" \/>\n<link rel=\"canonical\" href=\"https:\/\/career-mainfranken.com\/es\/noticias-eventos\/exitosa-jornada-informativa-sobre-profesionales-cualificados-internacionales-en-la-oficina-del-distrito-de-schweinfurt\/\" \/>\n<meta property=\"og:locale\" content=\"es_ES\" \/>\n<meta property=\"og:type\" content=\"article\" \/>\n<meta property=\"og:title\" content=\"Profesionales cualificados internacionales para empresas | Region Mainfranken GmbH | work &amp; live\" \/>\n<meta property=\"og:description\" content=\"Jornada informativa en la Oficina del Distrito de Schweinfurt: las empresas descubrieron c\u00f3mo atraer profesionales cualificados internacionales, reconocer cualificaciones y aprovechar ayudas.\" \/>\n<meta property=\"og:url\" content=\"https:\/\/career-mainfranken.com\/es\/noticias-eventos\/exitosa-jornada-informativa-sobre-profesionales-cualificados-internacionales-en-la-oficina-del-distrito-de-schweinfurt\/\" \/>\n<meta property=\"og:site_name\" content=\"Region Mainfranken\" \/>\n<meta property=\"article:published_time\" content=\"2026-04-30T10:58:50+00:00\" \/>\n<meta property=\"article:modified_time\" content=\"2026-04-30T11:25:07+00:00\" \/>\n<meta property=\"og:image\" content=\"https:\/\/career-mainfranken.com\/wp-content\/uploads\/Bild2-Wifoe_Internationale-Fachkraefte-fuer-Unternehmen-2_Foto-Loesch-1024x506.png\" \/>\n\t<meta property=\"og:image:width\" content=\"1024\" \/>\n\t<meta property=\"og:image:height\" content=\"506\" \/>\n\t<meta property=\"og:image:type\" content=\"image\/png\" \/>\n<meta name=\"author\" content=\"Paula Steininger\" \/>\n<meta name=\"twitter:card\" content=\"summary_large_image\" \/>\n<meta name=\"twitter:label1\" content=\"Escrito por\" \/>\n\t<meta name=\"twitter:data1\" content=\"Paula Steininger\" \/>\n\t<meta name=\"twitter:label2\" content=\"Tiempo de lectura\" \/>\n\t<meta name=\"twitter:data2\" content=\"7 minutos\" \/>\n<script type=\"application\/ld+json\" class=\"yoast-schema-graph\">{\"@context\":\"https:\\\/\\\/schema.org\",\"@graph\":[{\"@type\":\"Article\",\"@id\":\"https:\\\/\\\/career-mainfranken.com\\\/es\\\/noticias-eventos\\\/exitosa-jornada-informativa-sobre-profesionales-cualificados-internacionales-en-la-oficina-del-distrito-de-schweinfurt\\\/#article\",\"isPartOf\":{\"@id\":\"https:\\\/\\\/career-mainfranken.com\\\/es\\\/noticias-eventos\\\/exitosa-jornada-informativa-sobre-profesionales-cualificados-internacionales-en-la-oficina-del-distrito-de-schweinfurt\\\/\"},\"author\":{\"name\":\"Paula Steininger\",\"@id\":\"https:\\\/\\\/career-mainfranken.com\\\/es\\\/#\\\/schema\\\/person\\\/a963037fb8d07a3041996b27153f125f\"},\"headline\":\"Evento informativo exitoso sobre profesionales internacionales\",\"datePublished\":\"2026-04-30T10:58:50+00:00\",\"dateModified\":\"2026-04-30T11:25:07+00:00\",\"mainEntityOfPage\":{\"@id\":\"https:\\\/\\\/career-mainfranken.com\\\/es\\\/noticias-eventos\\\/exitosa-jornada-informativa-sobre-profesionales-cualificados-internacionales-en-la-oficina-del-distrito-de-schweinfurt\\\/\"},\"wordCount\":1414,\"image\":{\"@id\":\"https:\\\/\\\/career-mainfranken.com\\\/es\\\/noticias-eventos\\\/exitosa-jornada-informativa-sobre-profesionales-cualificados-internacionales-en-la-oficina-del-distrito-de-schweinfurt\\\/#primaryimage\"},\"thumbnailUrl\":\"https:\\\/\\\/career-mainfranken.com\\\/wp-content\\\/uploads\\\/Bild2-Wifoe_Internationale-Fachkraefte-fuer-Unternehmen-2_Foto-Loesch.png\",\"articleSection\":[\"Noticias Eventos\"],\"inLanguage\":\"es\"},{\"@type\":\"WebPage\",\"@id\":\"https:\\\/\\\/career-mainfranken.com\\\/es\\\/noticias-eventos\\\/exitosa-jornada-informativa-sobre-profesionales-cualificados-internacionales-en-la-oficina-del-distrito-de-schweinfurt\\\/\",\"url\":\"https:\\\/\\\/career-mainfranken.com\\\/es\\\/noticias-eventos\\\/exitosa-jornada-informativa-sobre-profesionales-cualificados-internacionales-en-la-oficina-del-distrito-de-schweinfurt\\\/\",\"name\":\"Profesionales cualificados internacionales para empresas | Region Mainfranken GmbH | work & live\",\"isPartOf\":{\"@id\":\"https:\\\/\\\/career-mainfranken.com\\\/es\\\/#website\"},\"primaryImageOfPage\":{\"@id\":\"https:\\\/\\\/career-mainfranken.com\\\/es\\\/noticias-eventos\\\/exitosa-jornada-informativa-sobre-profesionales-cualificados-internacionales-en-la-oficina-del-distrito-de-schweinfurt\\\/#primaryimage\"},\"image\":{\"@id\":\"https:\\\/\\\/career-mainfranken.com\\\/es\\\/noticias-eventos\\\/exitosa-jornada-informativa-sobre-profesionales-cualificados-internacionales-en-la-oficina-del-distrito-de-schweinfurt\\\/#primaryimage\"},\"thumbnailUrl\":\"https:\\\/\\\/career-mainfranken.com\\\/wp-content\\\/uploads\\\/Bild2-Wifoe_Internationale-Fachkraefte-fuer-Unternehmen-2_Foto-Loesch.png\",\"datePublished\":\"2026-04-30T10:58:50+00:00\",\"dateModified\":\"2026-04-30T11:25:07+00:00\",\"author\":{\"@id\":\"https:\\\/\\\/career-mainfranken.com\\\/es\\\/#\\\/schema\\\/person\\\/a963037fb8d07a3041996b27153f125f\"},\"description\":\"Jornada informativa en la Oficina del Distrito de Schweinfurt: las empresas descubrieron c\u00f3mo atraer profesionales cualificados internacionales, reconocer cualificaciones y aprovechar ayudas.\",\"breadcrumb\":{\"@id\":\"https:\\\/\\\/career-mainfranken.com\\\/es\\\/noticias-eventos\\\/exitosa-jornada-informativa-sobre-profesionales-cualificados-internacionales-en-la-oficina-del-distrito-de-schweinfurt\\\/#breadcrumb\"},\"inLanguage\":\"es\",\"potentialAction\":[{\"@type\":\"ReadAction\",\"target\":[\"https:\\\/\\\/career-mainfranken.com\\\/es\\\/noticias-eventos\\\/exitosa-jornada-informativa-sobre-profesionales-cualificados-internacionales-en-la-oficina-del-distrito-de-schweinfurt\\\/\"]}]},{\"@type\":\"ImageObject\",\"inLanguage\":\"es\",\"@id\":\"https:\\\/\\\/career-mainfranken.com\\\/es\\\/noticias-eventos\\\/exitosa-jornada-informativa-sobre-profesionales-cualificados-internacionales-en-la-oficina-del-distrito-de-schweinfurt\\\/#primaryimage\",\"url\":\"https:\\\/\\\/career-mainfranken.com\\\/wp-content\\\/uploads\\\/Bild2-Wifoe_Internationale-Fachkraefte-fuer-Unternehmen-2_Foto-Loesch.png\",\"contentUrl\":\"https:\\\/\\\/career-mainfranken.com\\\/wp-content\\\/uploads\\\/Bild2-Wifoe_Internationale-Fachkraefte-fuer-Unternehmen-2_Foto-Loesch.png\",\"width\":1600,\"height\":791},{\"@type\":\"BreadcrumbList\",\"@id\":\"https:\\\/\\\/career-mainfranken.com\\\/es\\\/noticias-eventos\\\/exitosa-jornada-informativa-sobre-profesionales-cualificados-internacionales-en-la-oficina-del-distrito-de-schweinfurt\\\/#breadcrumb\",\"itemListElement\":[{\"@type\":\"ListItem\",\"position\":1,\"name\":\"P\u00e1gina principal\",\"item\":\"https:\\\/\\\/career-mainfranken.com\\\/es\\\/pagina-principal\\\/\"},{\"@type\":\"ListItem\",\"position\":2,\"name\":\"Evento informativo exitoso sobre profesionales internacionales\"}]},{\"@type\":\"WebSite\",\"@id\":\"https:\\\/\\\/career-mainfranken.com\\\/es\\\/#website\",\"url\":\"https:\\\/\\\/career-mainfranken.com\\\/es\\\/\",\"name\":\"Region Mainfranken\",\"description\":\"\",\"potentialAction\":[{\"@type\":\"SearchAction\",\"target\":{\"@type\":\"EntryPoint\",\"urlTemplate\":\"https:\\\/\\\/career-mainfranken.com\\\/es\\\/?s={search_term_string}\"},\"query-input\":{\"@type\":\"PropertyValueSpecification\",\"valueRequired\":true,\"valueName\":\"search_term_string\"}}],\"inLanguage\":\"es\"},{\"@type\":\"Person\",\"@id\":\"https:\\\/\\\/career-mainfranken.com\\\/es\\\/#\\\/schema\\\/person\\\/a963037fb8d07a3041996b27153f125f\",\"name\":\"Paula Steininger\",\"image\":{\"@type\":\"ImageObject\",\"inLanguage\":\"es\",\"@id\":\"https:\\\/\\\/secure.gravatar.com\\\/avatar\\\/55ae4126483cc9b22c85b8358728bba73292ad9824776176f3d2957443d72458?s=96&d=mm&r=g\",\"url\":\"https:\\\/\\\/secure.gravatar.com\\\/avatar\\\/55ae4126483cc9b22c85b8358728bba73292ad9824776176f3d2957443d72458?s=96&d=mm&r=g\",\"contentUrl\":\"https:\\\/\\\/secure.gravatar.com\\\/avatar\\\/55ae4126483cc9b22c85b8358728bba73292ad9824776176f3d2957443d72458?s=96&d=mm&r=g\",\"caption\":\"Paula Steininger\"},\"url\":\"https:\\\/\\\/career-mainfranken.com\\\/es\\\/author\\\/psteininger\\\/\"}]}<\/script>\n<!-- \/ Yoast SEO plugin. -->","yoast_head_json":{"title":"Profesionales cualificados internacionales para empresas | Region Mainfranken GmbH | work & live","description":"Jornada informativa en la Oficina del Distrito de Schweinfurt: las empresas descubrieron c\u00f3mo atraer profesionales cualificados internacionales, reconocer cualificaciones y aprovechar ayudas.","robots":{"index":"index","follow":"follow","max-snippet":"max-snippet:-1","max-image-preview":"max-image-preview:large","max-video-preview":"max-video-preview:-1"},"canonical":"https:\/\/career-mainfranken.com\/es\/noticias-eventos\/exitosa-jornada-informativa-sobre-profesionales-cualificados-internacionales-en-la-oficina-del-distrito-de-schweinfurt\/","og_locale":"es_ES","og_type":"article","og_title":"Profesionales cualificados internacionales para empresas | Region Mainfranken GmbH | work & live","og_description":"Jornada informativa en la Oficina del Distrito de Schweinfurt: las empresas descubrieron c\u00f3mo atraer profesionales cualificados internacionales, reconocer cualificaciones y aprovechar ayudas.","og_url":"https:\/\/career-mainfranken.com\/es\/noticias-eventos\/exitosa-jornada-informativa-sobre-profesionales-cualificados-internacionales-en-la-oficina-del-distrito-de-schweinfurt\/","og_site_name":"Region Mainfranken","article_published_time":"2026-04-30T10:58:50+00:00","article_modified_time":"2026-04-30T11:25:07+00:00","og_image":[{"width":1024,"height":506,"url":"https:\/\/career-mainfranken.com\/wp-content\/uploads\/Bild2-Wifoe_Internationale-Fachkraefte-fuer-Unternehmen-2_Foto-Loesch-1024x506.png","type":"image\/png"}],"author":"Paula Steininger","twitter_card":"summary_large_image","twitter_misc":{"Escrito por":"Paula Steininger","Tiempo de lectura":"7 minutos"},"schema":{"@context":"https:\/\/schema.org","@graph":[{"@type":"Article","@id":"https:\/\/career-mainfranken.com\/es\/noticias-eventos\/exitosa-jornada-informativa-sobre-profesionales-cualificados-internacionales-en-la-oficina-del-distrito-de-schweinfurt\/#article","isPartOf":{"@id":"https:\/\/career-mainfranken.com\/es\/noticias-eventos\/exitosa-jornada-informativa-sobre-profesionales-cualificados-internacionales-en-la-oficina-del-distrito-de-schweinfurt\/"},"author":{"name":"Paula Steininger","@id":"https:\/\/career-mainfranken.com\/es\/#\/schema\/person\/a963037fb8d07a3041996b27153f125f"},"headline":"Evento informativo exitoso sobre profesionales internacionales","datePublished":"2026-04-30T10:58:50+00:00","dateModified":"2026-04-30T11:25:07+00:00","mainEntityOfPage":{"@id":"https:\/\/career-mainfranken.com\/es\/noticias-eventos\/exitosa-jornada-informativa-sobre-profesionales-cualificados-internacionales-en-la-oficina-del-distrito-de-schweinfurt\/"},"wordCount":1414,"image":{"@id":"https:\/\/career-mainfranken.com\/es\/noticias-eventos\/exitosa-jornada-informativa-sobre-profesionales-cualificados-internacionales-en-la-oficina-del-distrito-de-schweinfurt\/#primaryimage"},"thumbnailUrl":"https:\/\/career-mainfranken.com\/wp-content\/uploads\/Bild2-Wifoe_Internationale-Fachkraefte-fuer-Unternehmen-2_Foto-Loesch.png","articleSection":["Noticias Eventos"],"inLanguage":"es"},{"@type":"WebPage","@id":"https:\/\/career-mainfranken.com\/es\/noticias-eventos\/exitosa-jornada-informativa-sobre-profesionales-cualificados-internacionales-en-la-oficina-del-distrito-de-schweinfurt\/","url":"https:\/\/career-mainfranken.com\/es\/noticias-eventos\/exitosa-jornada-informativa-sobre-profesionales-cualificados-internacionales-en-la-oficina-del-distrito-de-schweinfurt\/","name":"Profesionales cualificados internacionales para empresas | Region Mainfranken GmbH | work & live","isPartOf":{"@id":"https:\/\/career-mainfranken.com\/es\/#website"},"primaryImageOfPage":{"@id":"https:\/\/career-mainfranken.com\/es\/noticias-eventos\/exitosa-jornada-informativa-sobre-profesionales-cualificados-internacionales-en-la-oficina-del-distrito-de-schweinfurt\/#primaryimage"},"image":{"@id":"https:\/\/career-mainfranken.com\/es\/noticias-eventos\/exitosa-jornada-informativa-sobre-profesionales-cualificados-internacionales-en-la-oficina-del-distrito-de-schweinfurt\/#primaryimage"},"thumbnailUrl":"https:\/\/career-mainfranken.com\/wp-content\/uploads\/Bild2-Wifoe_Internationale-Fachkraefte-fuer-Unternehmen-2_Foto-Loesch.png","datePublished":"2026-04-30T10:58:50+00:00","dateModified":"2026-04-30T11:25:07+00:00","author":{"@id":"https:\/\/career-mainfranken.com\/es\/#\/schema\/person\/a963037fb8d07a3041996b27153f125f"},"description":"Jornada informativa en la Oficina del Distrito de Schweinfurt: las empresas descubrieron c\u00f3mo atraer profesionales cualificados internacionales, reconocer cualificaciones y aprovechar ayudas.","breadcrumb":{"@id":"https:\/\/career-mainfranken.com\/es\/noticias-eventos\/exitosa-jornada-informativa-sobre-profesionales-cualificados-internacionales-en-la-oficina-del-distrito-de-schweinfurt\/#breadcrumb"},"inLanguage":"es","potentialAction":[{"@type":"ReadAction","target":["https:\/\/career-mainfranken.com\/es\/noticias-eventos\/exitosa-jornada-informativa-sobre-profesionales-cualificados-internacionales-en-la-oficina-del-distrito-de-schweinfurt\/"]}]},{"@type":"ImageObject","inLanguage":"es","@id":"https:\/\/career-mainfranken.com\/es\/noticias-eventos\/exitosa-jornada-informativa-sobre-profesionales-cualificados-internacionales-en-la-oficina-del-distrito-de-schweinfurt\/#primaryimage","url":"https:\/\/career-mainfranken.com\/wp-content\/uploads\/Bild2-Wifoe_Internationale-Fachkraefte-fuer-Unternehmen-2_Foto-Loesch.png","contentUrl":"https:\/\/career-mainfranken.com\/wp-content\/uploads\/Bild2-Wifoe_Internationale-Fachkraefte-fuer-Unternehmen-2_Foto-Loesch.png","width":1600,"height":791},{"@type":"BreadcrumbList","@id":"https:\/\/career-mainfranken.com\/es\/noticias-eventos\/exitosa-jornada-informativa-sobre-profesionales-cualificados-internacionales-en-la-oficina-del-distrito-de-schweinfurt\/#breadcrumb","itemListElement":[{"@type":"ListItem","position":1,"name":"P\u00e1gina principal","item":"https:\/\/career-mainfranken.com\/es\/pagina-principal\/"},{"@type":"ListItem","position":2,"name":"Evento informativo exitoso sobre profesionales internacionales"}]},{"@type":"WebSite","@id":"https:\/\/career-mainfranken.com\/es\/#website","url":"https:\/\/career-mainfranken.com\/es\/","name":"Region Mainfranken","description":"","potentialAction":[{"@type":"SearchAction","target":{"@type":"EntryPoint","urlTemplate":"https:\/\/career-mainfranken.com\/es\/?s={search_term_string}"},"query-input":{"@type":"PropertyValueSpecification","valueRequired":true,"valueName":"search_term_string"}}],"inLanguage":"es"},{"@type":"Person","@id":"https:\/\/career-mainfranken.com\/es\/#\/schema\/person\/a963037fb8d07a3041996b27153f125f","name":"Paula Steininger","image":{"@type":"ImageObject","inLanguage":"es","@id":"https:\/\/secure.gravatar.com\/avatar\/55ae4126483cc9b22c85b8358728bba73292ad9824776176f3d2957443d72458?s=96&d=mm&r=g","url":"https:\/\/secure.gravatar.com\/avatar\/55ae4126483cc9b22c85b8358728bba73292ad9824776176f3d2957443d72458?s=96&d=mm&r=g","contentUrl":"https:\/\/secure.gravatar.com\/avatar\/55ae4126483cc9b22c85b8358728bba73292ad9824776176f3d2957443d72458?s=96&d=mm&r=g","caption":"Paula Steininger"},"url":"https:\/\/career-mainfranken.com\/es\/author\/psteininger\/"}]}},"_links":{"self":[{"href":"https:\/\/career-mainfranken.com\/es\/wp-json\/wp\/v2\/posts\/16107","targetHints":{"allow":["GET"]}}],"collection":[{"href":"https:\/\/career-mainfranken.com\/es\/wp-json\/wp\/v2\/posts"}],"about":[{"href":"https:\/\/career-mainfranken.com\/es\/wp-json\/wp\/v2\/types\/post"}],"author":[{"embeddable":true,"href":"https:\/\/career-mainfranken.com\/es\/wp-json\/wp\/v2\/users\/8"}],"replies":[{"embeddable":true,"href":"https:\/\/career-mainfranken.com\/es\/wp-json\/wp\/v2\/comments?post=16107"}],"version-history":[{"count":5,"href":"https:\/\/career-mainfranken.com\/es\/wp-json\/wp\/v2\/posts\/16107\/revisions"}],"predecessor-version":[{"id":16206,"href":"https:\/\/career-mainfranken.com\/es\/wp-json\/wp\/v2\/posts\/16107\/revisions\/16206"}],"wp:featuredmedia":[{"embeddable":true,"href":"https:\/\/career-mainfranken.com\/es\/wp-json\/wp\/v2\/media\/16109"}],"wp:attachment":[{"href":"https:\/\/career-mainfranken.com\/es\/wp-json\/wp\/v2\/media?parent=16107"}],"wp:term":[{"taxonomy":"category","embeddable":true,"href":"https:\/\/career-mainfranken.com\/es\/wp-json\/wp\/v2\/categories?post=16107"},{"taxonomy":"post_tag","embeddable":true,"href":"https:\/\/career-mainfranken.com\/es\/wp-json\/wp\/v2\/tags?post=16107"}],"curies":[{"name":"wp","href":"https:\/\/api.w.org\/{rel}","templated":true}]}}