{"id":16085,"date":"2026-04-30T12:58:50","date_gmt":"2026-04-30T10:58:50","guid":{"rendered":"https:\/\/career-mainfranken.com\/nicht-kategorisiert\/successful-information-event-on-international-skilled-workers-at-the-schweinfurt-district-office\/"},"modified":"2026-04-30T13:25:07","modified_gmt":"2026-04-30T11:25:07","slug":"successful-information-event-on-international-skilled-workers-at-the-schweinfurt-district-office","status":"publish","type":"post","link":"https:\/\/career-mainfranken.com\/en\/news-events\/successful-information-event-on-international-skilled-workers-at-the-schweinfurt-district-office\/","title":{"rendered":"Successful information event on international skilled workers"},"content":{"rendered":"<div class=\"fusion-fullwidth fullwidth-box fusion-builder-row-1 fusion-flex-container has-pattern-background has-mask-background nonhundred-percent-fullwidth non-hundred-percent-height-scrolling blog_inhalt\" style=\"--awb-border-radius-top-left:0px;--awb-border-radius-top-right:0px;--awb-border-radius-bottom-right:0px;--awb-border-radius-bottom-left:0px;--awb-padding-right:0px;--awb-padding-left:0px;--awb-flex-wrap:wrap;\" ><div class=\"fusion-builder-row fusion-row fusion-flex-align-items-flex-start fusion-flex-content-wrap\" style=\"max-width:1664px;margin-left: calc(-4% \/ 2 );margin-right: calc(-4% \/ 2 );\"><div class=\"fusion-layout-column fusion_builder_column fusion-builder-column-0 fusion_builder_column_1_1 1_1 fusion-flex-column\" style=\"--awb-bg-size:cover;--awb-width-large:100%;--awb-margin-top-large:0px;--awb-spacing-right-large:1.92%;--awb-margin-bottom-large:0px;--awb-spacing-left-large:1.92%;--awb-width-medium:100%;--awb-spacing-right-medium:1.92%;--awb-spacing-left-medium:1.92%;--awb-width-small:100%;--awb-spacing-right-small:1.92%;--awb-spacing-left-small:1.92%;\"><div class=\"fusion-column-wrapper fusion-flex-justify-content-flex-start fusion-content-layout-column\"><div class=\"fusion-text fusion-text-1\"><p>Numerous company representatives from the region took the opportunity yesterday afternoon to find out more about the recruitment, recognition, and promotion of international skilled workers at the Schweinfurt District Office. The joint event &#8220;International Skilled Workers \u2013 What Companies Should Know&#8221; was organized by the Economic Development Department of the District of Schweinfurt, the Economic Development Department of the City of Schweinfurt, and Region Mainfranken GmbH. <\/p>\n<p>The event focused on practical information and specific support offers for companies wishing to counter the shortage of skilled workers with international solutions.<\/p>\n<p>The event was opened by District Administrator Florian T\u00f6pper and Lord Mayor Sebastian Remel\u00e9, who emphasized the high relevance of international skilled workers for the region&#8217;s economic future. For Lord Mayor Remel\u00e9, the event was also one of his last official public appearances in an active capacity \u2013 a special moment for regional cooperation. <\/p>\n<h2><strong>As the event progressed, participants gained in-depth insights into key thematic areas:<\/strong><\/h2>\n<ul>\n<li><u>Recognition of foreign professional qualifications<br \/>\n<\/u>Petar Mi\u0161\u010devi\u0107 from the Coordination and Advisory Center for Professional Recognition (KuBB) explained procedures and support options.<\/li>\n<li><u>Recruiting international skilled workers<\/u><br \/>\nKlaus Speckner from the Central Office for the Immigration of Skilled Workers (ZSEF) provided compact knowledge on immigration processes and framework conditions.<\/li>\n<li><u>Funding opportunities for companies<\/u><br \/>\nSandro H\u00f6hn and Janina Zieglmeier from the Schweinfurt Employment Agency provided information on funding programs and practical assistance.<\/li>\n<\/ul>\n<p>This was followed by an intensive exchange between companies, speakers, and organizers. The lively discussion clearly showed the high level of interest in practical solutions for securing skilled labor. In particular, the open dialogue and networking afterwards were perceived by participants as a great added value.  <\/p>\n<h2><strong>Strong regional signal for securing skilled labor<\/strong><\/h2>\n<p>With this joint event format, the Schweinfurt District Office, the City of Schweinfurt, and Region Mainfranken GmbH underlined their close cooperation in securing skilled labor and their commitment to sustainable economic structures in Mainfranken.<br \/>\nThe positive feedback from participants made it clear that international skilled workers remain a central future topic for companies in the region and that joint information services of this kind make an important contribution.<\/p>\n<p><b>Image credit:  <\/b><\/p>\n<p>When using the photo, we kindly request the following information:<\/p>\n<p><b>Caption Image 1:<\/b> Back row, from left: Klaus Speckner, Petar Miscevic, Sandro H\u00f6hn; middle row, from left: Mayor Sebastian Remel\u00e9 and District Administrator Florian T\u00f6pper, as well as Janina Zieglmeier (front).<\/p>\n<p><b>Caption Image 2:<\/b> Rebecca Weber (at the lectern) hosted the program for the afternoon lecture &#8220;International Professionals.&#8221;<\/p>\n<p><strong>Photos:<\/strong> Andreas L\u00f6sch\/lrasw<\/p>\n<\/div><div ><a class=\"fusion-button button-3d fusion-button-default-size button-default fusion-button-default button-1 fusion-button-default-span fusion-button-default-type\" target=\"_self\" href=\"https:\/\/career-mainfranken.com\/en\/news-events\/\"><span class=\"fusion-button-text awb-button__text awb-button__text--default\">View all blog posts<\/span><\/a><\/div><\/div><\/div><\/div><\/div>\n","protected":false},"excerpt":{"rendered":"","protected":false},"author":8,"featured_media":16087,"comment_status":"closed","ping_status":"closed","sticky":false,"template":"","format":"standard","meta":{"footnotes":"","_links_to":"","_links_to_target":""},"categories":[68],"tags":[],"class_list":["post-16085","post","type-post","status-publish","format-standard","has-post-thumbnail","hentry","category-news-events"],"yoast_head":"<!-- This site is optimized with the Yoast SEO plugin v27.5 - https:\/\/yoast.com\/product\/yoast-seo-wordpress\/ -->\n<title>International skilled workers for companies | Region Mainfranken GmbH | work &amp; live<\/title>\n<meta name=\"description\" content=\"Information event at the Schweinfurt District Office: Companies learned how to recruit international skilled workers, recognize qualifications, and utilize funding.\" \/>\n<meta name=\"robots\" content=\"index, follow, max-snippet:-1, max-image-preview:large, max-video-preview:-1\" \/>\n<link rel=\"canonical\" href=\"https:\/\/career-mainfranken.com\/en\/news-events\/successful-information-event-on-international-skilled-workers-at-the-schweinfurt-district-office\/\" \/>\n<meta property=\"og:locale\" content=\"en_US\" \/>\n<meta property=\"og:type\" content=\"article\" \/>\n<meta property=\"og:title\" content=\"International skilled workers for companies | Region Mainfranken GmbH | work &amp; live\" \/>\n<meta property=\"og:description\" content=\"Information event at the Schweinfurt District Office: Companies learned how to recruit international skilled workers, recognize qualifications, and utilize funding.\" \/>\n<meta property=\"og:url\" content=\"https:\/\/career-mainfranken.com\/en\/news-events\/successful-information-event-on-international-skilled-workers-at-the-schweinfurt-district-office\/\" \/>\n<meta property=\"og:site_name\" content=\"Region Mainfranken\" \/>\n<meta property=\"article:published_time\" content=\"2026-04-30T10:58:50+00:00\" \/>\n<meta property=\"article:modified_time\" content=\"2026-04-30T11:25:07+00:00\" \/>\n<meta property=\"og:image\" content=\"https:\/\/career-mainfranken.com\/wp-content\/uploads\/Bild2-Wifoe_Internationale-Fachkraefte-fuer-Unternehmen-2_Foto-Loesch-1024x506.png\" \/>\n\t<meta property=\"og:image:width\" content=\"1024\" \/>\n\t<meta property=\"og:image:height\" content=\"506\" \/>\n\t<meta property=\"og:image:type\" content=\"image\/png\" \/>\n<meta name=\"author\" content=\"Paula Steininger\" \/>\n<meta name=\"twitter:card\" content=\"summary_large_image\" \/>\n<meta name=\"twitter:label1\" content=\"Written by\" \/>\n\t<meta name=\"twitter:data1\" content=\"Paula Steininger\" \/>\n\t<meta name=\"twitter:label2\" content=\"Est. reading time\" \/>\n\t<meta name=\"twitter:data2\" content=\"7 minutes\" \/>\n<script type=\"application\/ld+json\" class=\"yoast-schema-graph\">{\"@context\":\"https:\\\/\\\/schema.org\",\"@graph\":[{\"@type\":\"Article\",\"@id\":\"https:\\\/\\\/career-mainfranken.com\\\/en\\\/news-events\\\/successful-information-event-on-international-skilled-workers-at-the-schweinfurt-district-office\\\/#article\",\"isPartOf\":{\"@id\":\"https:\\\/\\\/career-mainfranken.com\\\/en\\\/news-events\\\/successful-information-event-on-international-skilled-workers-at-the-schweinfurt-district-office\\\/\"},\"author\":{\"name\":\"Paula Steininger\",\"@id\":\"https:\\\/\\\/career-mainfranken.com\\\/en\\\/#\\\/schema\\\/person\\\/a963037fb8d07a3041996b27153f125f\"},\"headline\":\"Successful information event on international skilled workers\",\"datePublished\":\"2026-04-30T10:58:50+00:00\",\"dateModified\":\"2026-04-30T11:25:07+00:00\",\"mainEntityOfPage\":{\"@id\":\"https:\\\/\\\/career-mainfranken.com\\\/en\\\/news-events\\\/successful-information-event-on-international-skilled-workers-at-the-schweinfurt-district-office\\\/\"},\"wordCount\":1329,\"image\":{\"@id\":\"https:\\\/\\\/career-mainfranken.com\\\/en\\\/news-events\\\/successful-information-event-on-international-skilled-workers-at-the-schweinfurt-district-office\\\/#primaryimage\"},\"thumbnailUrl\":\"https:\\\/\\\/career-mainfranken.com\\\/wp-content\\\/uploads\\\/Bild2-Wifoe_Internationale-Fachkraefte-fuer-Unternehmen-2_Foto-Loesch.png\",\"articleSection\":[\"News Events\"],\"inLanguage\":\"en-US\"},{\"@type\":\"WebPage\",\"@id\":\"https:\\\/\\\/career-mainfranken.com\\\/en\\\/news-events\\\/successful-information-event-on-international-skilled-workers-at-the-schweinfurt-district-office\\\/\",\"url\":\"https:\\\/\\\/career-mainfranken.com\\\/en\\\/news-events\\\/successful-information-event-on-international-skilled-workers-at-the-schweinfurt-district-office\\\/\",\"name\":\"International skilled workers for companies | Region Mainfranken GmbH | work & live\",\"isPartOf\":{\"@id\":\"https:\\\/\\\/career-mainfranken.com\\\/en\\\/#website\"},\"primaryImageOfPage\":{\"@id\":\"https:\\\/\\\/career-mainfranken.com\\\/en\\\/news-events\\\/successful-information-event-on-international-skilled-workers-at-the-schweinfurt-district-office\\\/#primaryimage\"},\"image\":{\"@id\":\"https:\\\/\\\/career-mainfranken.com\\\/en\\\/news-events\\\/successful-information-event-on-international-skilled-workers-at-the-schweinfurt-district-office\\\/#primaryimage\"},\"thumbnailUrl\":\"https:\\\/\\\/career-mainfranken.com\\\/wp-content\\\/uploads\\\/Bild2-Wifoe_Internationale-Fachkraefte-fuer-Unternehmen-2_Foto-Loesch.png\",\"datePublished\":\"2026-04-30T10:58:50+00:00\",\"dateModified\":\"2026-04-30T11:25:07+00:00\",\"author\":{\"@id\":\"https:\\\/\\\/career-mainfranken.com\\\/en\\\/#\\\/schema\\\/person\\\/a963037fb8d07a3041996b27153f125f\"},\"description\":\"Information event at the Schweinfurt District Office: Companies learned how to recruit international skilled workers, recognize qualifications, and utilize funding.\",\"breadcrumb\":{\"@id\":\"https:\\\/\\\/career-mainfranken.com\\\/en\\\/news-events\\\/successful-information-event-on-international-skilled-workers-at-the-schweinfurt-district-office\\\/#breadcrumb\"},\"inLanguage\":\"en-US\",\"potentialAction\":[{\"@type\":\"ReadAction\",\"target\":[\"https:\\\/\\\/career-mainfranken.com\\\/en\\\/news-events\\\/successful-information-event-on-international-skilled-workers-at-the-schweinfurt-district-office\\\/\"]}]},{\"@type\":\"ImageObject\",\"inLanguage\":\"en-US\",\"@id\":\"https:\\\/\\\/career-mainfranken.com\\\/en\\\/news-events\\\/successful-information-event-on-international-skilled-workers-at-the-schweinfurt-district-office\\\/#primaryimage\",\"url\":\"https:\\\/\\\/career-mainfranken.com\\\/wp-content\\\/uploads\\\/Bild2-Wifoe_Internationale-Fachkraefte-fuer-Unternehmen-2_Foto-Loesch.png\",\"contentUrl\":\"https:\\\/\\\/career-mainfranken.com\\\/wp-content\\\/uploads\\\/Bild2-Wifoe_Internationale-Fachkraefte-fuer-Unternehmen-2_Foto-Loesch.png\",\"width\":1600,\"height\":791},{\"@type\":\"BreadcrumbList\",\"@id\":\"https:\\\/\\\/career-mainfranken.com\\\/en\\\/news-events\\\/successful-information-event-on-international-skilled-workers-at-the-schweinfurt-district-office\\\/#breadcrumb\",\"itemListElement\":[{\"@type\":\"ListItem\",\"position\":1,\"name\":\"Startseite\",\"item\":\"https:\\\/\\\/career-mainfranken.com\\\/en\\\/\"},{\"@type\":\"ListItem\",\"position\":2,\"name\":\"Successful information event on international skilled workers\"}]},{\"@type\":\"WebSite\",\"@id\":\"https:\\\/\\\/career-mainfranken.com\\\/en\\\/#website\",\"url\":\"https:\\\/\\\/career-mainfranken.com\\\/en\\\/\",\"name\":\"Region Mainfranken\",\"description\":\"\",\"potentialAction\":[{\"@type\":\"SearchAction\",\"target\":{\"@type\":\"EntryPoint\",\"urlTemplate\":\"https:\\\/\\\/career-mainfranken.com\\\/en\\\/?s={search_term_string}\"},\"query-input\":{\"@type\":\"PropertyValueSpecification\",\"valueRequired\":true,\"valueName\":\"search_term_string\"}}],\"inLanguage\":\"en-US\"},{\"@type\":\"Person\",\"@id\":\"https:\\\/\\\/career-mainfranken.com\\\/en\\\/#\\\/schema\\\/person\\\/a963037fb8d07a3041996b27153f125f\",\"name\":\"Paula Steininger\",\"image\":{\"@type\":\"ImageObject\",\"inLanguage\":\"en-US\",\"@id\":\"https:\\\/\\\/secure.gravatar.com\\\/avatar\\\/55ae4126483cc9b22c85b8358728bba73292ad9824776176f3d2957443d72458?s=96&d=mm&r=g\",\"url\":\"https:\\\/\\\/secure.gravatar.com\\\/avatar\\\/55ae4126483cc9b22c85b8358728bba73292ad9824776176f3d2957443d72458?s=96&d=mm&r=g\",\"contentUrl\":\"https:\\\/\\\/secure.gravatar.com\\\/avatar\\\/55ae4126483cc9b22c85b8358728bba73292ad9824776176f3d2957443d72458?s=96&d=mm&r=g\",\"caption\":\"Paula Steininger\"},\"url\":\"https:\\\/\\\/career-mainfranken.com\\\/en\\\/author\\\/psteininger\\\/\"}]}<\/script>\n<!-- \/ Yoast SEO plugin. -->","yoast_head_json":{"title":"International skilled workers for companies | Region Mainfranken GmbH | work & live","description":"Information event at the Schweinfurt District Office: Companies learned how to recruit international skilled workers, recognize qualifications, and utilize funding.","robots":{"index":"index","follow":"follow","max-snippet":"max-snippet:-1","max-image-preview":"max-image-preview:large","max-video-preview":"max-video-preview:-1"},"canonical":"https:\/\/career-mainfranken.com\/en\/news-events\/successful-information-event-on-international-skilled-workers-at-the-schweinfurt-district-office\/","og_locale":"en_US","og_type":"article","og_title":"International skilled workers for companies | Region Mainfranken GmbH | work & live","og_description":"Information event at the Schweinfurt District Office: Companies learned how to recruit international skilled workers, recognize qualifications, and utilize funding.","og_url":"https:\/\/career-mainfranken.com\/en\/news-events\/successful-information-event-on-international-skilled-workers-at-the-schweinfurt-district-office\/","og_site_name":"Region Mainfranken","article_published_time":"2026-04-30T10:58:50+00:00","article_modified_time":"2026-04-30T11:25:07+00:00","og_image":[{"width":1024,"height":506,"url":"https:\/\/career-mainfranken.com\/wp-content\/uploads\/Bild2-Wifoe_Internationale-Fachkraefte-fuer-Unternehmen-2_Foto-Loesch-1024x506.png","type":"image\/png"}],"author":"Paula Steininger","twitter_card":"summary_large_image","twitter_misc":{"Written by":"Paula Steininger","Est. reading time":"7 minutes"},"schema":{"@context":"https:\/\/schema.org","@graph":[{"@type":"Article","@id":"https:\/\/career-mainfranken.com\/en\/news-events\/successful-information-event-on-international-skilled-workers-at-the-schweinfurt-district-office\/#article","isPartOf":{"@id":"https:\/\/career-mainfranken.com\/en\/news-events\/successful-information-event-on-international-skilled-workers-at-the-schweinfurt-district-office\/"},"author":{"name":"Paula Steininger","@id":"https:\/\/career-mainfranken.com\/en\/#\/schema\/person\/a963037fb8d07a3041996b27153f125f"},"headline":"Successful information event on international skilled workers","datePublished":"2026-04-30T10:58:50+00:00","dateModified":"2026-04-30T11:25:07+00:00","mainEntityOfPage":{"@id":"https:\/\/career-mainfranken.com\/en\/news-events\/successful-information-event-on-international-skilled-workers-at-the-schweinfurt-district-office\/"},"wordCount":1329,"image":{"@id":"https:\/\/career-mainfranken.com\/en\/news-events\/successful-information-event-on-international-skilled-workers-at-the-schweinfurt-district-office\/#primaryimage"},"thumbnailUrl":"https:\/\/career-mainfranken.com\/wp-content\/uploads\/Bild2-Wifoe_Internationale-Fachkraefte-fuer-Unternehmen-2_Foto-Loesch.png","articleSection":["News Events"],"inLanguage":"en-US"},{"@type":"WebPage","@id":"https:\/\/career-mainfranken.com\/en\/news-events\/successful-information-event-on-international-skilled-workers-at-the-schweinfurt-district-office\/","url":"https:\/\/career-mainfranken.com\/en\/news-events\/successful-information-event-on-international-skilled-workers-at-the-schweinfurt-district-office\/","name":"International skilled workers for companies | Region Mainfranken GmbH | work & live","isPartOf":{"@id":"https:\/\/career-mainfranken.com\/en\/#website"},"primaryImageOfPage":{"@id":"https:\/\/career-mainfranken.com\/en\/news-events\/successful-information-event-on-international-skilled-workers-at-the-schweinfurt-district-office\/#primaryimage"},"image":{"@id":"https:\/\/career-mainfranken.com\/en\/news-events\/successful-information-event-on-international-skilled-workers-at-the-schweinfurt-district-office\/#primaryimage"},"thumbnailUrl":"https:\/\/career-mainfranken.com\/wp-content\/uploads\/Bild2-Wifoe_Internationale-Fachkraefte-fuer-Unternehmen-2_Foto-Loesch.png","datePublished":"2026-04-30T10:58:50+00:00","dateModified":"2026-04-30T11:25:07+00:00","author":{"@id":"https:\/\/career-mainfranken.com\/en\/#\/schema\/person\/a963037fb8d07a3041996b27153f125f"},"description":"Information event at the Schweinfurt District Office: Companies learned how to recruit international skilled workers, recognize qualifications, and utilize funding.","breadcrumb":{"@id":"https:\/\/career-mainfranken.com\/en\/news-events\/successful-information-event-on-international-skilled-workers-at-the-schweinfurt-district-office\/#breadcrumb"},"inLanguage":"en-US","potentialAction":[{"@type":"ReadAction","target":["https:\/\/career-mainfranken.com\/en\/news-events\/successful-information-event-on-international-skilled-workers-at-the-schweinfurt-district-office\/"]}]},{"@type":"ImageObject","inLanguage":"en-US","@id":"https:\/\/career-mainfranken.com\/en\/news-events\/successful-information-event-on-international-skilled-workers-at-the-schweinfurt-district-office\/#primaryimage","url":"https:\/\/career-mainfranken.com\/wp-content\/uploads\/Bild2-Wifoe_Internationale-Fachkraefte-fuer-Unternehmen-2_Foto-Loesch.png","contentUrl":"https:\/\/career-mainfranken.com\/wp-content\/uploads\/Bild2-Wifoe_Internationale-Fachkraefte-fuer-Unternehmen-2_Foto-Loesch.png","width":1600,"height":791},{"@type":"BreadcrumbList","@id":"https:\/\/career-mainfranken.com\/en\/news-events\/successful-information-event-on-international-skilled-workers-at-the-schweinfurt-district-office\/#breadcrumb","itemListElement":[{"@type":"ListItem","position":1,"name":"Startseite","item":"https:\/\/career-mainfranken.com\/en\/"},{"@type":"ListItem","position":2,"name":"Successful information event on international skilled workers"}]},{"@type":"WebSite","@id":"https:\/\/career-mainfranken.com\/en\/#website","url":"https:\/\/career-mainfranken.com\/en\/","name":"Region Mainfranken","description":"","potentialAction":[{"@type":"SearchAction","target":{"@type":"EntryPoint","urlTemplate":"https:\/\/career-mainfranken.com\/en\/?s={search_term_string}"},"query-input":{"@type":"PropertyValueSpecification","valueRequired":true,"valueName":"search_term_string"}}],"inLanguage":"en-US"},{"@type":"Person","@id":"https:\/\/career-mainfranken.com\/en\/#\/schema\/person\/a963037fb8d07a3041996b27153f125f","name":"Paula Steininger","image":{"@type":"ImageObject","inLanguage":"en-US","@id":"https:\/\/secure.gravatar.com\/avatar\/55ae4126483cc9b22c85b8358728bba73292ad9824776176f3d2957443d72458?s=96&d=mm&r=g","url":"https:\/\/secure.gravatar.com\/avatar\/55ae4126483cc9b22c85b8358728bba73292ad9824776176f3d2957443d72458?s=96&d=mm&r=g","contentUrl":"https:\/\/secure.gravatar.com\/avatar\/55ae4126483cc9b22c85b8358728bba73292ad9824776176f3d2957443d72458?s=96&d=mm&r=g","caption":"Paula Steininger"},"url":"https:\/\/career-mainfranken.com\/en\/author\/psteininger\/"}]}},"_links":{"self":[{"href":"https:\/\/career-mainfranken.com\/en\/wp-json\/wp\/v2\/posts\/16085","targetHints":{"allow":["GET"]}}],"collection":[{"href":"https:\/\/career-mainfranken.com\/en\/wp-json\/wp\/v2\/posts"}],"about":[{"href":"https:\/\/career-mainfranken.com\/en\/wp-json\/wp\/v2\/types\/post"}],"author":[{"embeddable":true,"href":"https:\/\/career-mainfranken.com\/en\/wp-json\/wp\/v2\/users\/8"}],"replies":[{"embeddable":true,"href":"https:\/\/career-mainfranken.com\/en\/wp-json\/wp\/v2\/comments?post=16085"}],"version-history":[{"count":5,"href":"https:\/\/career-mainfranken.com\/en\/wp-json\/wp\/v2\/posts\/16085\/revisions"}],"predecessor-version":[{"id":16208,"href":"https:\/\/career-mainfranken.com\/en\/wp-json\/wp\/v2\/posts\/16085\/revisions\/16208"}],"wp:featuredmedia":[{"embeddable":true,"href":"https:\/\/career-mainfranken.com\/en\/wp-json\/wp\/v2\/media\/16087"}],"wp:attachment":[{"href":"https:\/\/career-mainfranken.com\/en\/wp-json\/wp\/v2\/media?parent=16085"}],"wp:term":[{"taxonomy":"category","embeddable":true,"href":"https:\/\/career-mainfranken.com\/en\/wp-json\/wp\/v2\/categories?post=16085"},{"taxonomy":"post_tag","embeddable":true,"href":"https:\/\/career-mainfranken.com\/en\/wp-json\/wp\/v2\/tags?post=16085"}],"curies":[{"name":"wp","href":"https:\/\/api.w.org\/{rel}","templated":true}]}}